{"id":26161,"date":"2018-10-30T10:39:19","date_gmt":"2018-10-30T09:39:19","guid":{"rendered":"http:\/\/www.messinaoggi.it\/website\/?p=26161"},"modified":"2018-10-30T10:39:19","modified_gmt":"2018-10-30T09:39:19","slug":"alberto-de-luca-lancia-il-tavolo-permanete-per-il-commercio","status":"publish","type":"post","link":"https:\/\/www.messinaoggi.it\/website\/2018\/10\/30\/alberto-de-luca-lancia-il-tavolo-permanete-per-il-commercio\/","title":{"rendered":"Alberto De Luca lancia il tavolo permanente per il commercio"},"content":{"rendered":"<p style=\"text-align: justify;\">Due storici negozi hanno chiuso, un altro abbasser\u00e0 le proprie saracinesche per spostarsi pi\u00f9 a monte. Ormai \u00e8 crisi nera in via dei Mille, dove stanno chiudendo esercizi commerciali alla velocit\u00e0 della luce. Ne \u00e8 consapevole <strong>Alberto De Luca<\/strong>, presidente della IV Circoscrizione, persona, prima ancora che politico, attenta ai problemi reali della citt\u00e0. \u201c<em>Scelte sbagliate delle precedenti amministrazioni e la crisi stanno mettendo in ginocchio la nostra economia. Da cittadino e poi da presidente della Circoscrizione del centro commerciale, non posso rimanere fermo. Per questo motivo ho chiesto formalmente all\u2019amministrazione comunale di aprile un tavolo tecnico permanente per il commercio<\/em>\u201d.<div id=\"div-gpt-ad-Messinaoggi.it-DSK-300x250-corpoart\" style=\"text-align:center;margin:0 auto;\"><\/div><\/p>\n<p style=\"text-align: justify;\">Isole pedonali, caro affitti, e ancora incentivi ai commercianti, come sgravi tributari con il baratto amministrativo sono solo alcuni dei temi che De Luca intende proporre al tavolo, coinvolgendo le associazioni di categoria.<div id=\"videoincontent\" style=\"clear:both\";><\/div><\/p>\n<p style=\"text-align: justify;\">\u201c<em>Non si deve perdere altro tempo \u2013 afferma De Luca &#8211; abbiamo assistito alla chiusura di esercizi storici in via dei Mille e abbiamo il dovere di intervenire. Il problema ovviamente riguarda tutto il centro commerciale. Se muore il commercio, muore la citt\u00e0<\/em>\u201d.<\/p>\n","protected":false},"excerpt":{"rendered":"<p>Due storici negozi hanno chiuso, un altro abbasser\u00e0 le proprie saracinesche per spostarsi pi\u00f9 a monte. Ormai \u00e8 crisi nera in via dei Mille, dove stanno chiudendo esercizi commerciali alla velocit\u00e0 della luce. Ne \u00e8 consapevole Alberto De Luca, presidente della IV Circoscrizione, persona, prima ancora che politico, attenta ai problemi reali della citt\u00e0. \u201cScelte [&hellip;]<\/p>\n","protected":false},"author":2,"featured_media":26164,"comment_status":"closed","ping_status":"open","sticky":false,"template":"","format":"standard","meta":{"ub_ctt_via":"","_mi_skip_tracking":false},"categories":[6],"tags":[],"featured_image_src":"https:\/\/www.messinaoggi.it\/website\/wp-content\/uploads\/2018\/10\/32912993_211480839453550_5072925622951477248_n.jpg","author_info":{"display_name":"Redazione","author_link":"https:\/\/www.messinaoggi.it\/website\/author\/redazione\/"},"digistream_id":0,"digistream":false,"_links":{"self":[{"href":"https:\/\/www.messinaoggi.it\/website\/wp-json\/wp\/v2\/posts\/26161"}],"collection":[{"href":"https:\/\/www.messinaoggi.it\/website\/wp-json\/wp\/v2\/posts"}],"about":[{"href":"https:\/\/www.messinaoggi.it\/website\/wp-json\/wp\/v2\/types\/post"}],"author":[{"embeddable":true,"href":"https:\/\/www.messinaoggi.it\/website\/wp-json\/wp\/v2\/users\/2"}],"replies":[{"embeddable":true,"href":"https:\/\/www.messinaoggi.it\/website\/wp-json\/wp\/v2\/comments?post=26161"}],"version-history":[{"count":0,"href":"https:\/\/www.messinaoggi.it\/website\/wp-json\/wp\/v2\/posts\/26161\/revisions"}],"wp:featuredmedia":[{"embeddable":true,"href":"https:\/\/www.messinaoggi.it\/website\/wp-json\/wp\/v2\/media\/26164"}],"wp:attachment":[{"href":"https:\/\/www.messinaoggi.it\/website\/wp-json\/wp\/v2\/media?parent=26161"}],"wp:term":[{"taxonomy":"category","embeddable":true,"href":"https:\/\/www.messinaoggi.it\/website\/wp-json\/wp\/v2\/categories?post=26161"},{"taxonomy":"post_tag","embeddable":true,"href":"https:\/\/www.messinaoggi.it\/website\/wp-json\/wp\/v2\/tags?post=26161"}],"curies":[{"name":"wp","href":"https:\/\/api.w.org\/{rel}","templated":true}]}}