{"id":261606,"date":"2026-02-19T09:29:55","date_gmt":"2026-02-19T08:29:55","guid":{"rendered":"http:\/\/www.messinaoggi.it\/website\/?p=261606"},"modified":"2026-02-19T09:30:09","modified_gmt":"2026-02-19T08:30:09","slug":"frana-sp-45-cittadini-infuriati-cede-il-costone","status":"publish","type":"post","link":"https:\/\/www.messinaoggi.it\/website\/2026\/02\/19\/frana-sp-45-cittadini-infuriati-cede-il-costone\/","title":{"rendered":"Frana Sp 45, cittadini infuriati: cede il costone"},"content":{"rendered":"\n<p id=\"block-c350099c-ff2e-4aa6-9faa-15922dd38855\">La frana di ieri pomeriggio sulla SP 45, la stessa teatro ad inizio gennaio di un movimento franoso, ha innescato uno scontro violentissimo fra cittadini residenti e Citt\u00e0 Metropolitana. Secondo l&#8217;Ente si \u00e8 trattato di un movimento franoso che ha determinato il restringimento della carreggiata, i cittadini dei borghi collinari sostengono che la strada non \u00e8 sicura e che c&#8217;\u00e8 il rischio che ci scappi il morto.<div id=\"div-gpt-ad-Messinaoggi.it-DSK-300x250-corpoart\" style=\"text-align:center;margin:0 auto;\"><\/div><\/p>\n\n\n\n<p id=\"block-98fd7519-553d-40d4-90a2-07fddf2129e4\">Francesco Berenato, componente del direttivo del locale comitato, \u00e8 furente sui Social. Lancia strali all&#8217;indirizzo degli amministratori perch\u00e9 sostiene con i suoi associati che in quella strada c&#8217;\u00e8 un problema ben pi\u00f9 grave di quello che \u00e8 stato rappresentato da Palazzo dei Leoni.<div id=\"videoincontent\" style=\"clear:both\";><\/div><\/p>\n\n\n\n<p id=\"block-640381d5-96c3-41fe-9db4-bdd76891e24a\">La rabbia aumenta al cospetto delle notizie riguardanti il piano di interventi per le strade del centro cittadino, sbandierato attraverso una narrazione poco aderente con la realt\u00e0, dagli amministratori di Palazzo Zanca.<\/p>\n\n\n\n<p id=\"block-bc82e2e9-55eb-46a4-8fe5-7bd5b173d3f0\">La strada anche nella notte \u00e8 stata interessata da ulteriori movimenti franosi e la gente del luogo chiede un intervento immediato dell&#8217;amministrazione competente. Il rischio, del resto, \u00e8 quello di un ulteriore isolamento dopo quello dello scorso mese, quando una vettura con un&#8217;automobilista \u00e8 stata quasi risucchiata dalla frana.<\/p>\n","protected":false},"excerpt":{"rendered":"<p>La frana di ieri pomeriggio sulla SP 45, la stessa teatro ad inizio gennaio di un movimento franoso, ha innescato uno scontro violentissimo fra cittadini residenti e Citt\u00e0 Metropolitana. Secondo l&#8217;Ente si \u00e8 trattato di un movimento franoso che ha determinato il restringimento della carreggiata, i cittadini dei borghi collinari sostengono che la strada non [&hellip;]<\/p>\n","protected":false},"author":2,"featured_media":261607,"comment_status":"open","ping_status":"open","sticky":false,"template":"","format":"standard","meta":{"ub_ctt_via":"","_mi_skip_tracking":false},"categories":[19],"tags":[12840,12557],"featured_image_src":"https:\/\/www.messinaoggi.it\/website\/wp-content\/uploads\/2026\/02\/638099686_10234902941652706_289200868242335692_n.jpg","author_info":{"display_name":"Redazione","author_link":"https:\/\/www.messinaoggi.it\/website\/author\/redazione\/"},"digistream_id":0,"digistream":false,"_links":{"self":[{"href":"https:\/\/www.messinaoggi.it\/website\/wp-json\/wp\/v2\/posts\/261606"}],"collection":[{"href":"https:\/\/www.messinaoggi.it\/website\/wp-json\/wp\/v2\/posts"}],"about":[{"href":"https:\/\/www.messinaoggi.it\/website\/wp-json\/wp\/v2\/types\/post"}],"author":[{"embeddable":true,"href":"https:\/\/www.messinaoggi.it\/website\/wp-json\/wp\/v2\/users\/2"}],"replies":[{"embeddable":true,"href":"https:\/\/www.messinaoggi.it\/website\/wp-json\/wp\/v2\/comments?post=261606"}],"version-history":[{"count":1,"href":"https:\/\/www.messinaoggi.it\/website\/wp-json\/wp\/v2\/posts\/261606\/revisions"}],"predecessor-version":[{"id":261608,"href":"https:\/\/www.messinaoggi.it\/website\/wp-json\/wp\/v2\/posts\/261606\/revisions\/261608"}],"wp:featuredmedia":[{"embeddable":true,"href":"https:\/\/www.messinaoggi.it\/website\/wp-json\/wp\/v2\/media\/261607"}],"wp:attachment":[{"href":"https:\/\/www.messinaoggi.it\/website\/wp-json\/wp\/v2\/media?parent=261606"}],"wp:term":[{"taxonomy":"category","embeddable":true,"href":"https:\/\/www.messinaoggi.it\/website\/wp-json\/wp\/v2\/categories?post=261606"},{"taxonomy":"post_tag","embeddable":true,"href":"https:\/\/www.messinaoggi.it\/website\/wp-json\/wp\/v2\/tags?post=261606"}],"curies":[{"name":"wp","href":"https:\/\/api.w.org\/{rel}","templated":true}]}}