{"id":26159,"date":"2018-10-30T10:29:52","date_gmt":"2018-10-30T09:29:52","guid":{"rendered":"http:\/\/www.messinaoggi.it\/website\/?p=26159"},"modified":"2018-10-30T10:29:52","modified_gmt":"2018-10-30T09:29:52","slug":"chiuso-il-porto-tremestieri-la-citta-piomba-nellincubo-dei-tir","status":"publish","type":"post","link":"https:\/\/www.messinaoggi.it\/website\/2018\/10\/30\/chiuso-il-porto-tremestieri-la-citta-piomba-nellincubo-dei-tir\/","title":{"rendered":"Chiuso il porto Tremestieri, la citt\u00e0 piomba nell&#039;incubo Tir"},"content":{"rendered":"<p style=\"text-align: justify;\">Ripiomba l\u2019incubo dei Tir in centro citt\u00e0. La chiusura del porto di Tremestieri, causata dal maltempo, ha determinato ieri sera la paralisi del traffico veicolare fra Boccetta e viale della Libert\u00e0.<div id=\"div-gpt-ad-Messinaoggi.it-DSK-300x250-corpoart\" style=\"text-align:center;margin:0 auto;\"><\/div><\/p>\n<p style=\"text-align: justify;\">I \u201cbestioni\u201d diretti al Continente hanno invaso le strade e ci\u00f2 ha determinato la formazione di lunghe file e ingorghi fino all\u2019imbarco della rada San Francesco.<div id=\"videoincontent\" style=\"clear:both\";><\/div><\/p>\n<p style=\"text-align: justify;\">Pochi i vigili urbani dislocati lungo il percorso interessato dal transito dei mezzi pesanti. I messinesi di rientro verso la zona Nord della citt\u00e0, ieri sera hanno impiegato anche ore prima di raggiungere le rispettive abitazioni. In viale della Libert\u00e0, in corrispondenza della Passeggiata a Mare, si \u00e8 formato un autentico \u201ctappo\u201d con i Tir che occupavano le due corsi di scorrimento Sud-Nord.<\/p>\n<p style=\"text-align: justify;\">Con molta probabilit\u00e0 una maggiore presenza di vigili urbani avrebbe determinato meno disagi per gli automobilisti messinesi. L\u2019Amministrazione comunale ancora una volta si \u00e8 fatta trovare impreparata rispetto ad un problema che si presenta spesso soprattutto nel periodo autunnale.<\/p>\n<p><img loading=\"lazy\" class=\"size-medium wp-image-26162 alignright\" src=\"http:\/\/www.messinaoggi.it\/website\/wp-content\/uploads\/2018\/10\/tremestieri-porto-insabbiato-300x197.jpg\" alt=\"\" width=\"300\" height=\"197\" \/><br \/>\nEd ecco la foto scattata questa mattina che dimostra come il porto di Tremestieri sia di nuovo insabbiato. Un&#8217;emergenza scirocco che continua a creare problemi ad un&#8217;infrastruttura che mostra limiti in fase progettuale, mettendo in\u00a0 ginocchio un&#8217;intera citt\u00e0.<\/p>\n","protected":false},"excerpt":{"rendered":"<p>Ripiomba l\u2019incubo dei Tir in centro citt\u00e0. La chiusura del porto di Tremestieri, causata dal maltempo, ha determinato ieri sera la paralisi del traffico veicolare fra Boccetta e viale della Libert\u00e0. I \u201cbestioni\u201d diretti al Continente hanno invaso le strade e ci\u00f2 ha determinato la formazione di lunghe file e ingorghi fino all\u2019imbarco della rada [&hellip;]<\/p>\n","protected":false},"author":2,"featured_media":26160,"comment_status":"closed","ping_status":"open","sticky":false,"template":"","format":"standard","meta":{"ub_ctt_via":"","_mi_skip_tracking":false},"categories":[6],"tags":[],"featured_image_src":"https:\/\/www.messinaoggi.it\/website\/wp-content\/uploads\/2018\/10\/9295BA76-0404-41E6-8FBE-640A91473F8F.jpeg","author_info":{"display_name":"Redazione","author_link":"https:\/\/www.messinaoggi.it\/website\/author\/redazione\/"},"digistream_id":0,"digistream":false,"_links":{"self":[{"href":"https:\/\/www.messinaoggi.it\/website\/wp-json\/wp\/v2\/posts\/26159"}],"collection":[{"href":"https:\/\/www.messinaoggi.it\/website\/wp-json\/wp\/v2\/posts"}],"about":[{"href":"https:\/\/www.messinaoggi.it\/website\/wp-json\/wp\/v2\/types\/post"}],"author":[{"embeddable":true,"href":"https:\/\/www.messinaoggi.it\/website\/wp-json\/wp\/v2\/users\/2"}],"replies":[{"embeddable":true,"href":"https:\/\/www.messinaoggi.it\/website\/wp-json\/wp\/v2\/comments?post=26159"}],"version-history":[{"count":0,"href":"https:\/\/www.messinaoggi.it\/website\/wp-json\/wp\/v2\/posts\/26159\/revisions"}],"wp:featuredmedia":[{"embeddable":true,"href":"https:\/\/www.messinaoggi.it\/website\/wp-json\/wp\/v2\/media\/26160"}],"wp:attachment":[{"href":"https:\/\/www.messinaoggi.it\/website\/wp-json\/wp\/v2\/media?parent=26159"}],"wp:term":[{"taxonomy":"category","embeddable":true,"href":"https:\/\/www.messinaoggi.it\/website\/wp-json\/wp\/v2\/categories?post=26159"},{"taxonomy":"post_tag","embeddable":true,"href":"https:\/\/www.messinaoggi.it\/website\/wp-json\/wp\/v2\/tags?post=26159"}],"curies":[{"name":"wp","href":"https:\/\/api.w.org\/{rel}","templated":true}]}}