{"id":261577,"date":"2026-02-18T20:08:53","date_gmt":"2026-02-18T19:08:53","guid":{"rendered":"https:\/\/www.messinaoggi.it\/website\/2026\/02\/18\/via-libera-cdm-al-decreto-bollette-meloni-priorita-tutelare-famiglie-e-imprese\/"},"modified":"2026-02-18T20:08:53","modified_gmt":"2026-02-18T19:08:53","slug":"via-libera-cdm-al-decreto-bollette-meloni-priorita-tutelare-famiglie-e-imprese","status":"publish","type":"post","link":"https:\/\/www.messinaoggi.it\/website\/2026\/02\/18\/via-libera-cdm-al-decreto-bollette-meloni-priorita-tutelare-famiglie-e-imprese\/","title":{"rendered":"Via libera Cdm al decreto Bollette, Meloni \u201cPriorit\u00e0 tutelare famiglie e imprese\u201d"},"content":{"rendered":"<div>ROMA (ITALPRESS) &#8211; Abbassare le bollette delle famiglie, contenere i costi energetici per la competitivit\u00e0 delle imprese e favorire la decarbonizzazione delle industrie: sono gli obiettivi del decreto approvato in Consiglio dei Ministri, su proposta del ministro dell&#8217;Ambiente e della Sicurezza energetica Gilberto Pichetto Fratin.<br \/>&#8220;Oggi il governo ha approvato un provvedimento molto significativo che tocca una delle priorit\u00e0 che ci eravamo dati all&#8217;inizio: fare il possibile per ridurre il peso delle bollette su famiglie e imprese. E&#8217; un decreto che avr\u00e0 un impatto rilevante, che garantir\u00e0 risparmi e benefici diretti per le famiglie e le imprese nell&#8217;ordine di oltre 5 miliardi di euro&#8221;, afferma la presidente del Consiglio, Giorgia Meloni, in un video sui social.<br \/>&#8220;Abbiamo costruito un meccanismo che introduce di fatto il disaccoppiamento del prezzo dell&#8217;energia elettrica da quello del gas&#8221;, spiega la premier.<br \/>&#8220;Con questo decreto il governo decide di fare un&#8217;altra scelta strutturale che considero molto coraggiosa che avr\u00e0 un impatto decisivo sul costo delle bollette. La norma affronta il tema dei costi dei diritti Ets che oggi contribuisce a tenere alti i prezzi, gli Ets sono una tassa di fatto voluta dall&#8217;Ue che grava sulle modalit\u00e0 pi\u00f9 inquinanti di produzione dell&#8217;energia come quelle di origine fossile &#8211; prosegue -. Questo ha una sua logica, il problema \u00e8 che si tiene conto anche degli Ets per determinare il prezzo di tutte le forme di energia, anche quelle rinnovabili che questa tassa non la pagano. Noi vogliamo scorporare il costo degli Ets dalla determinazione del prezzo delle rinnovabili, come l&#8217;idroelettrico e il solare, per abbassare i costi. E&#8217; una norma che avr\u00e0 bisogno dell&#8217;autorizzazione dell&#8217;Ue e che \u00e8 coerente con l&#8217;impegno che stiamo portando avanti in Europa perch\u00e8, anche insieme ad altre nazioni, stiamo cercando di rilanciare la competitivit\u00e0 delle nostre imprese&#8221;.<br \/>&#8220;Con questo provvedimento &#8211; spiega il ministro Pichetto Fratin &#8211; interveniamo su una priorit\u00e0 assoluta: garantire energia a prezzi pi\u00f9 bassi per famiglie e imprese, con risparmi effettivi. Il governo ha scelto ancora una volta la strada della concretezza, per la competitivit\u00e0 del sistema Paese e per la crescita economica&#8221;.<br \/>Per i nuclei vulnerabili, che gi\u00e0 percepiscono il bonus sociale da 200 euro l&#8217;anno, il provvedimento prevede nel 2026 uno sconto in bolletta fino a 115 euro. Anche le famiglie residenti con ISEE inferiore ai venticinquemila euro annui potranno ottenere sconti in bolletta, su impulso delle imprese venditrici.<br \/>Altro ambito del decreto \u00e8 il supporto alle piccole e medie imprese, con la revisione dei meccanismi incentivanti del Conto energia, modifiche dei tempi di versamento degli oneri da parte dei distributori, misure per disaccoppiare il prezzo dell&#8217;elettricit\u00e0 da quello del gas per garantire energia rinnovabile a prezzi ridotti, promuovendo il ricorso ai &#8220;Power Purchase Agreements&#8221;.<br \/>A sostegno di famiglie e imprese, con l&#8217;obiettivo di contenere l&#8217;impatto delle bollette, \u00e8 previsto un meccanismo di riduzione del costo di produzione dell&#8217;energia elettrica da parte degli impianti termoelettrici, assieme alla razionalizzazione del sistema dei prezzi minimi garantiti per le bioenergie. Si prevedono anche misure per rafforzare la concorrenza nei mercati all&#8217;ingrosso.<br \/>Per consentire una riduzione del prezzo del gas, viene attivato un servizio di liquidit\u00e0 gestito da SNAM, che permetter\u00e0 di eliminare l&#8217;attuale differenziale, pi\u00f9 alto di circa due euro al megawattora, tra il punto di scambio virtuale italiano (PSV) e il prezzo del gas europeo (TTF). E&#8217; inoltre prevista la vendita di gas stoccato sul mercato e una &#8220;gas release&#8221;, con l&#8217;obiettivo di sostenere i clienti finali industriali.<br \/>Trovano spazio nel provvedimento una razionalizzazione delle procedure per la realizzazione dei &#8220;Data Center&#8221; e per l&#8217;accelerazione nello sviluppo delle rinnovabili, con una norma per evitare la &#8220;saturazione virtuale della rete&#8221;.<div id=\"div-gpt-ad-Messinaoggi.it-DSK-300x250-corpoart\" style=\"text-align:center;margin:0 auto;\"><\/div><\/p>\n<p>&#8211; Foto IPA Agency &#8211;<div id=\"videoincontent\" style=\"clear:both\";><\/div><\/p>\n<p>(ITALPRESS).<\/p><\/div>\n","protected":false},"excerpt":{"rendered":"<p>ROMA (ITALPRESS) &#8211; Abbassare le bollette delle famiglie, contenere i costi energetici per la competitivit\u00e0 delle imprese e favorire la decarbonizzazione delle industrie: sono gli obiettivi del decreto approvato in Consiglio dei Ministri, su proposta del ministro dell&#8217;Ambiente e della Sicurezza energetica Gilberto Pichetto Fratin.&#8220;Oggi il governo ha approvato un provvedimento molto significativo che tocca [&hellip;]<\/p>\n","protected":false},"author":18,"featured_media":261578,"comment_status":"closed","ping_status":"closed","sticky":false,"template":"","format":"standard","meta":{"ub_ctt_via":"","_mi_skip_tracking":false},"categories":[446],"tags":[783],"featured_image_src":"https:\/\/www.messinaoggi.it\/website\/wp-content\/uploads\/2026\/02\/20260218_2959.jpg","author_info":{"display_name":"Admin","author_link":"https:\/\/www.messinaoggi.it\/website\/author\/admin\/"},"digistream_id":0,"digistream":false,"_links":{"self":[{"href":"https:\/\/www.messinaoggi.it\/website\/wp-json\/wp\/v2\/posts\/261577"}],"collection":[{"href":"https:\/\/www.messinaoggi.it\/website\/wp-json\/wp\/v2\/posts"}],"about":[{"href":"https:\/\/www.messinaoggi.it\/website\/wp-json\/wp\/v2\/types\/post"}],"author":[{"embeddable":true,"href":"https:\/\/www.messinaoggi.it\/website\/wp-json\/wp\/v2\/users\/18"}],"replies":[{"embeddable":true,"href":"https:\/\/www.messinaoggi.it\/website\/wp-json\/wp\/v2\/comments?post=261577"}],"version-history":[{"count":0,"href":"https:\/\/www.messinaoggi.it\/website\/wp-json\/wp\/v2\/posts\/261577\/revisions"}],"wp:featuredmedia":[{"embeddable":true,"href":"https:\/\/www.messinaoggi.it\/website\/wp-json\/wp\/v2\/media\/261578"}],"wp:attachment":[{"href":"https:\/\/www.messinaoggi.it\/website\/wp-json\/wp\/v2\/media?parent=261577"}],"wp:term":[{"taxonomy":"category","embeddable":true,"href":"https:\/\/www.messinaoggi.it\/website\/wp-json\/wp\/v2\/categories?post=261577"},{"taxonomy":"post_tag","embeddable":true,"href":"https:\/\/www.messinaoggi.it\/website\/wp-json\/wp\/v2\/tags?post=261577"}],"curies":[{"name":"wp","href":"https:\/\/api.w.org\/{rel}","templated":true}]}}