{"id":261575,"date":"2026-02-18T20:08:36","date_gmt":"2026-02-18T19:08:36","guid":{"rendered":"https:\/\/www.messinaoggi.it\/website\/2026\/02\/18\/giuli-massimo-sforzo-del-governo-per-il-restauro-del-teatro-sannazaro\/"},"modified":"2026-02-18T20:08:36","modified_gmt":"2026-02-18T19:08:36","slug":"giuli-massimo-sforzo-del-governo-per-il-restauro-del-teatro-sannazaro","status":"publish","type":"post","link":"https:\/\/www.messinaoggi.it\/website\/2026\/02\/18\/giuli-massimo-sforzo-del-governo-per-il-restauro-del-teatro-sannazaro\/","title":{"rendered":"Giuli \u201cMassimo sforzo del governo per il restauro del teatro Sannazaro\u201d"},"content":{"rendered":"<div>NAPOLI (ITALPRESS) &#8211; &#8220;E&#8217; ovvio che siamo di fronte a una tragedia dal punto di vista culturale, ma da questa tragedia pu\u00f2 venire fuori una splendida forma di cooperazione tra istituzioni differenti per raggiungere un obiettivo che \u00e8 quello di creare una struttura ancora pi\u00f9 forte e che dia una continuit\u00e0 e una solidit\u00e0 al Teatro Sannazaro che vada nella direzione migliore da qui a tutti gli anni che verranno&#8221;. Lo ha detto il ministro della Cultura, Alessandro Giuli, parlando con i giornalisti al termine del vertice in Prefettura a Napoli del Centro Coordinamento Soccorsi attivato a seguito dell&#8217;incendio che ha distrutto il Teatro Sannazaro. Prima dell&#8217;incontro, Giuli ha partecipato a un sopralluogo all&#8217;esterno del Teatro, completamente distrutto ieri da un incendio divampato all&#8217;alba. Al suo arrivo il ministro \u00e8 stato accolto dal sindaco di Napoli, Gaetano Manfredi, dal comandante provinciale dei vigili del fuoco Giuseppe Paduano, dall&#8217;assessore regionale alla Cultura, Ninni Cutaia, e dal prefetto di Napoli, Michele di Bari. Davanti all&#8217;ingresso principale del Sannazaro l&#8217;incontro con i proprietari, Lara Sansone e Sas\u00e0 Vanorio, che hanno abbracciato il ministro. &#8220;Ciascuno di noi &#8211; ha proseguito Giuli &#8211; serba un meraviglioso ricordo del teatro Sannazaro. Abbiamo il dovere di guardare alla prospettiva&#8221;. &#8220;Abbiamo iniziato a stabilire un percorso &#8211; ha sottolineato &#8211; che ci porter\u00e0 con la collaborazione dei gestori, proprietari del Teatro Sannazaro, le istituzioni locali e nazionali a raggiungere il prima possibile l&#8217;obiettivo di restaurare e rigenerare il teatro senza che la programmazione delle attivit\u00e0 del teatro venga meno. Napoli c&#8217;\u00e8, la Regione c&#8217;\u00e8 e il ministro della Cultura vi assicura il massimo sforzo del governo di Giorgia Meloni e del ministero per questo lavoro di cooperazione e di intervento&#8221;. &#8220;Il prefetto che ci ospita \u00e8 una figura di assoluta garanzia affinch\u00e8 tutte le procedure possano essere snelle e possano essere efficaci&#8221;, ha aggiunto Giuli.<div id=\"div-gpt-ad-Messinaoggi.it-DSK-300x250-corpoart\" style=\"text-align:center;margin:0 auto;\"><\/div><\/p>\n<p> &#8211; Foto Italpress &#8211;<div id=\"videoincontent\" style=\"clear:both\";><\/div><\/p>\n<p>(ITALPRESS).<\/p><\/div>\n","protected":false},"excerpt":{"rendered":"<p>NAPOLI (ITALPRESS) &#8211; &#8220;E&#8217; ovvio che siamo di fronte a una tragedia dal punto di vista culturale, ma da questa tragedia pu\u00f2 venire fuori una splendida forma di cooperazione tra istituzioni differenti per raggiungere un obiettivo che \u00e8 quello di creare una struttura ancora pi\u00f9 forte e che dia una continuit\u00e0 e una solidit\u00e0 al [&hellip;]<\/p>\n","protected":false},"author":18,"featured_media":261576,"comment_status":"closed","ping_status":"closed","sticky":false,"template":"","format":"standard","meta":{"ub_ctt_via":"","_mi_skip_tracking":false},"categories":[446],"tags":[783],"featured_image_src":"https:\/\/www.messinaoggi.it\/website\/wp-content\/uploads\/2026\/02\/20260218_2668.jpg","author_info":{"display_name":"Admin","author_link":"https:\/\/www.messinaoggi.it\/website\/author\/admin\/"},"digistream_id":0,"digistream":false,"_links":{"self":[{"href":"https:\/\/www.messinaoggi.it\/website\/wp-json\/wp\/v2\/posts\/261575"}],"collection":[{"href":"https:\/\/www.messinaoggi.it\/website\/wp-json\/wp\/v2\/posts"}],"about":[{"href":"https:\/\/www.messinaoggi.it\/website\/wp-json\/wp\/v2\/types\/post"}],"author":[{"embeddable":true,"href":"https:\/\/www.messinaoggi.it\/website\/wp-json\/wp\/v2\/users\/18"}],"replies":[{"embeddable":true,"href":"https:\/\/www.messinaoggi.it\/website\/wp-json\/wp\/v2\/comments?post=261575"}],"version-history":[{"count":0,"href":"https:\/\/www.messinaoggi.it\/website\/wp-json\/wp\/v2\/posts\/261575\/revisions"}],"wp:featuredmedia":[{"embeddable":true,"href":"https:\/\/www.messinaoggi.it\/website\/wp-json\/wp\/v2\/media\/261576"}],"wp:attachment":[{"href":"https:\/\/www.messinaoggi.it\/website\/wp-json\/wp\/v2\/media?parent=261575"}],"wp:term":[{"taxonomy":"category","embeddable":true,"href":"https:\/\/www.messinaoggi.it\/website\/wp-json\/wp\/v2\/categories?post=261575"},{"taxonomy":"post_tag","embeddable":true,"href":"https:\/\/www.messinaoggi.it\/website\/wp-json\/wp\/v2\/tags?post=261575"}],"curies":[{"name":"wp","href":"https:\/\/api.w.org\/{rel}","templated":true}]}}