{"id":261560,"date":"2026-02-18T18:08:31","date_gmt":"2026-02-18T17:08:31","guid":{"rendered":"https:\/\/www.messinaoggi.it\/website\/2026\/02\/18\/autonomia-in-cdm-via-libera-agli-schemi-di-intesa-preliminare-con-4-regioni\/"},"modified":"2026-02-18T18:39:27","modified_gmt":"2026-02-18T17:39:27","slug":"autonomia-in-cdm-via-libera-agli-schemi-di-intesa-preliminare-con-4-regioni","status":"publish","type":"post","link":"https:\/\/www.messinaoggi.it\/website\/2026\/02\/18\/autonomia-in-cdm-via-libera-agli-schemi-di-intesa-preliminare-con-4-regioni\/","title":{"rendered":"Autonomia, in Cdm via libera agli schemi di intesa preliminare con 4 Regioni"},"content":{"rendered":"<div>ROMA (ITALPRESS) &#8211; <strong>Il Consiglio dei Ministri<\/strong> d\u00e0 il via libera agli<strong> Schemi di intesa preliminare tra il Governo e le Regioni Liguria, Lombardia, Piemonte, Veneto<\/strong> alla presenza dei <strong>quattro Governatori<\/strong> e con grande soddisfazione del ministro per gli<strong> Affari Regionali e le Autonomie Roberto Calderoli,<\/strong> che esulta <em>&#8220;per questo storico passaggio in Cdm&#8221;.<br \/>\n<\/em><br \/>\n&#8220;<em>Per la prima volta da quando si parla di regionalismo, c&#8217;\u00e8 un passaggio ufficiale per l&#8217;attuazione concreta dell&#8217;Autonomia da parte del Governo e in piena sintonia con le quattro Regioni che hanno avviato il percorso previsto dalla Legge 86\/2024<\/em> &#8211; afferma Calderoli -.<em> Si tratta di un traguardo storico per il regionalismo, che mai aveva visto l&#8217;avvio di un iter istituzionale propriamente detto attraverso degli schemi di intesa, ed \u00e8 soprattutto una grande emozione personale, perch\u00e8 l&#8217;autonomia \u00e8 la mia ragione di vita. Ora inizia ufficialmente il cammino per portare questi Schemi di intesa all&#8217;approvazione definitiva, ma il passo avanti compiuto oggi \u00e8 veramente decisivo&#8221;.<\/em><div id=\"div-gpt-ad-Messinaoggi.it-DSK-300x250-corpoart\" style=\"text-align:center;margin:0 auto;\"><\/div><\/p>\n<p><em><img loading=\"lazy\" class=\"alignnone wp-image-646120 size-full\" src=\"http:\/\/www.messinaoggi.it\/website\/wp-content\/uploads\/2026\/02\/WhatsApp-Image-2026-02-18-at-17.10.09.jpeg\" alt=\"\" width=\"1403\" height=\"1080\"><\/em><br \/>\nIl primo step del percorso istituzionale che gli schemi di intesa preliminare affronteranno \u00e8 la fase dei pareri: entro i prossimi 60 giorni il parere della Conferenza Unificata, entro i successivi 90 giorni il parere delle Camere con atti di indirizzo.<div id=\"videoincontent\" style=\"clear:both\";><\/div><\/p>\n<p>Questa fase si conclude con il ritorno degli Schemi di intesa in Cdm, con il Governo che stiler\u00e0 gli schemi di intesa definitiva e li invier\u00e0 alle rispettive Regioni.<br \/>\nIl secondo step del percorso istituzionale \u00e8 la fase delle approvazioni: la Regione deve approvare l&#8217;intesa definitiva e darne comunicazione al Governo, dopodich\u00e8 il Cdm delibera l&#8217;intesa definitiva e un disegno di legge di approvazione dell&#8217;intesa entro 45 giorni. Tale ddl viene trasmesso alle Camere, con allegata l&#8217;intesa, per poi essere sottoposto alle Camere nel suo passaggio definitivo.<\/p>\n<p>Questa fase si conclude con l&#8217;approvazione delle Intese da parte del Parlamento, andando a completare il percorso di attribuzione. Rispetto alle precedenti occasioni che hanno visto il Governo occuparsi di autonomia, la differenza sostanziale \u00e8 una ma significativa: mai il Consiglio dei ministri era arrivato al punto di approvare uno Schema di Intesa preliminare. Si sono viste infatti le sottoscrizioni delle pre-intese (<strong>Lombardia, Veneto, Emilia-Romagna<\/strong> nel 2018) e iniziative a vario titolo da tutte le altre Regioni per avviare percorsi in tal senso, che per\u00f2 non sono mai arrivati a questo passaggio istituzionale.<\/p>\n<p>&#8211; Foto ufficio stampa ministro per gli Affari Regionali e le Autonomie &#8211;<\/p>\n<p>(ITALPRESS).<\/p><\/div>\n","protected":false},"excerpt":{"rendered":"<p>ROMA (ITALPRESS) &#8211; Il Consiglio dei Ministri d\u00e0 il via libera agli Schemi di intesa preliminare tra il Governo e le Regioni Liguria, Lombardia, Piemonte, Veneto alla presenza dei quattro Governatori e con grande soddisfazione del ministro per gli Affari Regionali e le Autonomie Roberto Calderoli, che esulta &#8220;per questo storico passaggio in Cdm&#8221;. &#8220;Per [&hellip;]<\/p>\n","protected":false},"author":18,"featured_media":261561,"comment_status":"closed","ping_status":"closed","sticky":false,"template":"","format":"standard","meta":{"ub_ctt_via":"","_mi_skip_tracking":false},"categories":[446,4],"tags":[783],"featured_image_src":"https:\/\/www.messinaoggi.it\/website\/wp-content\/uploads\/2026\/02\/WhatsApp-Image-2026-02-18-at-17.11.46.jpeg","author_info":{"display_name":"Admin","author_link":"https:\/\/www.messinaoggi.it\/website\/author\/admin\/"},"digistream_id":0,"digistream":false,"_links":{"self":[{"href":"https:\/\/www.messinaoggi.it\/website\/wp-json\/wp\/v2\/posts\/261560"}],"collection":[{"href":"https:\/\/www.messinaoggi.it\/website\/wp-json\/wp\/v2\/posts"}],"about":[{"href":"https:\/\/www.messinaoggi.it\/website\/wp-json\/wp\/v2\/types\/post"}],"author":[{"embeddable":true,"href":"https:\/\/www.messinaoggi.it\/website\/wp-json\/wp\/v2\/users\/18"}],"replies":[{"embeddable":true,"href":"https:\/\/www.messinaoggi.it\/website\/wp-json\/wp\/v2\/comments?post=261560"}],"version-history":[{"count":1,"href":"https:\/\/www.messinaoggi.it\/website\/wp-json\/wp\/v2\/posts\/261560\/revisions"}],"predecessor-version":[{"id":261569,"href":"https:\/\/www.messinaoggi.it\/website\/wp-json\/wp\/v2\/posts\/261560\/revisions\/261569"}],"wp:featuredmedia":[{"embeddable":true,"href":"https:\/\/www.messinaoggi.it\/website\/wp-json\/wp\/v2\/media\/261561"}],"wp:attachment":[{"href":"https:\/\/www.messinaoggi.it\/website\/wp-json\/wp\/v2\/media?parent=261560"}],"wp:term":[{"taxonomy":"category","embeddable":true,"href":"https:\/\/www.messinaoggi.it\/website\/wp-json\/wp\/v2\/categories?post=261560"},{"taxonomy":"post_tag","embeddable":true,"href":"https:\/\/www.messinaoggi.it\/website\/wp-json\/wp\/v2\/tags?post=261560"}],"curies":[{"name":"wp","href":"https:\/\/api.w.org\/{rel}","templated":true}]}}