{"id":261558,"date":"2026-02-18T18:08:28","date_gmt":"2026-02-18T17:08:28","guid":{"rendered":"https:\/\/www.messinaoggi.it\/website\/2026\/02\/18\/legge-elettorale-casellati-non-ci-sono-modelli-vincolanti-ne-pregiudiziali\/"},"modified":"2026-02-18T18:39:50","modified_gmt":"2026-02-18T17:39:50","slug":"legge-elettorale-casellati-non-ci-sono-modelli-vincolanti-ne-pregiudiziali","status":"publish","type":"post","link":"https:\/\/www.messinaoggi.it\/website\/2026\/02\/18\/legge-elettorale-casellati-non-ci-sono-modelli-vincolanti-ne-pregiudiziali\/","title":{"rendered":"Legge elettorale, Casellati \u201cNon ci sono modelli vincolanti n\u00e8 pregiudiziali\u201d"},"content":{"rendered":"<div>ROMA (ITALPRESS) &#8211; &#8220;Sul tema della legge elettorale, non mi appare che la riforma&#8221; del premierato &#8220;ne preveda la costituzionalizzazione: non contiene infatti l&#8217;individuazione e quindi la scelta di un determinato modello&#8221; ma &#8220;si limita a prescrivere che la legge elettorale garantisca rappresentativit\u00e0 politica e governabilit\u00e0. Le soluzioni tecniche coerenti con questi principi sono molteplici nell&#8217;ambito di diversi sistemi elettorali e non esistono ad oggi modelli vincolanti n\u00e8 pregiudiziali da parte del Governo. Si aprir\u00e0 un dialogo che ci auguriamo proficuo fra tutte le forze politiche, tenendo conto delle indicazioni provenienti dalla giurisprudenza costituzionale&#8221;. Cos\u00ec la ministra per le Riforme istituzionali e la Semplificazione normativa, Elisabetta Casellati, al Question Time alla Camera. &#8220;Quanto ai tempi, il profilo della legge elettorale potr\u00e0 essere definito compiutamente solo una volta che sar\u00e0 consolidata la struttura della riforma costituzionale, cio\u00e8 all&#8217;esito almeno della prima deliberazione delle Camere&#8221;. Il tema di una &#8220;possibile revisione della legislazione elettorale a Costituzione invariata ciclicamente ritorna all&#8217;attenzione del dibattito politico di maggioranza e di opposizione, ma ad oggi non risulta essersi strutturato in tavoli tecnici in istruttorie formali, n\u00e8 tantomeno in precise proposte normative su cui avviare l&#8217;esame&#8221;, chiarisce.<div id=\"div-gpt-ad-Messinaoggi.it-DSK-300x250-corpoart\" style=\"text-align:center;margin:0 auto;\"><\/div><\/p>\n<p>&#8211; Foto IPA Agency &#8211;<div id=\"videoincontent\" style=\"clear:both\";><\/div><\/p>\n<p>(ITALPRESS).<\/p><\/div>\n","protected":false},"excerpt":{"rendered":"<p>ROMA (ITALPRESS) &#8211; &#8220;Sul tema della legge elettorale, non mi appare che la riforma&#8221; del premierato &#8220;ne preveda la costituzionalizzazione: non contiene infatti l&#8217;individuazione e quindi la scelta di un determinato modello&#8221; ma &#8220;si limita a prescrivere che la legge elettorale garantisca rappresentativit\u00e0 politica e governabilit\u00e0. Le soluzioni tecniche coerenti con questi principi sono molteplici [&hellip;]<\/p>\n","protected":false},"author":18,"featured_media":261559,"comment_status":"closed","ping_status":"closed","sticky":false,"template":"","format":"standard","meta":{"ub_ctt_via":"","_mi_skip_tracking":false},"categories":[446,4],"tags":[783],"featured_image_src":"https:\/\/www.messinaoggi.it\/website\/wp-content\/uploads\/2026\/02\/20260218_2522.jpg","author_info":{"display_name":"Admin","author_link":"https:\/\/www.messinaoggi.it\/website\/author\/admin\/"},"digistream_id":0,"digistream":false,"_links":{"self":[{"href":"https:\/\/www.messinaoggi.it\/website\/wp-json\/wp\/v2\/posts\/261558"}],"collection":[{"href":"https:\/\/www.messinaoggi.it\/website\/wp-json\/wp\/v2\/posts"}],"about":[{"href":"https:\/\/www.messinaoggi.it\/website\/wp-json\/wp\/v2\/types\/post"}],"author":[{"embeddable":true,"href":"https:\/\/www.messinaoggi.it\/website\/wp-json\/wp\/v2\/users\/18"}],"replies":[{"embeddable":true,"href":"https:\/\/www.messinaoggi.it\/website\/wp-json\/wp\/v2\/comments?post=261558"}],"version-history":[{"count":1,"href":"https:\/\/www.messinaoggi.it\/website\/wp-json\/wp\/v2\/posts\/261558\/revisions"}],"predecessor-version":[{"id":261570,"href":"https:\/\/www.messinaoggi.it\/website\/wp-json\/wp\/v2\/posts\/261558\/revisions\/261570"}],"wp:featuredmedia":[{"embeddable":true,"href":"https:\/\/www.messinaoggi.it\/website\/wp-json\/wp\/v2\/media\/261559"}],"wp:attachment":[{"href":"https:\/\/www.messinaoggi.it\/website\/wp-json\/wp\/v2\/media?parent=261558"}],"wp:term":[{"taxonomy":"category","embeddable":true,"href":"https:\/\/www.messinaoggi.it\/website\/wp-json\/wp\/v2\/categories?post=261558"},{"taxonomy":"post_tag","embeddable":true,"href":"https:\/\/www.messinaoggi.it\/website\/wp-json\/wp\/v2\/tags?post=261558"}],"curies":[{"name":"wp","href":"https:\/\/api.w.org\/{rel}","templated":true}]}}