{"id":261554,"date":"2026-02-18T16:08:26","date_gmt":"2026-02-18T15:08:26","guid":{"rendered":"https:\/\/www.messinaoggi.it\/website\/2026\/02\/18\/tenta-di-rapire-un-bimbo-di-5-anni-al-supermercato-45enne-arrestato-a-caivano\/"},"modified":"2026-02-18T16:08:26","modified_gmt":"2026-02-18T15:08:26","slug":"tenta-di-rapire-un-bimbo-di-5-anni-al-supermercato-45enne-arrestato-a-caivano","status":"publish","type":"post","link":"https:\/\/www.messinaoggi.it\/website\/2026\/02\/18\/tenta-di-rapire-un-bimbo-di-5-anni-al-supermercato-45enne-arrestato-a-caivano\/","title":{"rendered":"Tenta di rapire un bimbo di 5 anni al supermercato, 45enne arrestato a Caivano"},"content":{"rendered":"<div>NAPOLI (ITALPRESS) &#8211; Arrestato dai carabinieri un 45enne, che avrebbe tentato di rapire un bambino in supermercato. E&#8217; accaduto a Caivano, in provincia di Napoli. Pochi giorni fa un analogo episodio era accaduto a Bergamo. <br \/>I carabinieri, ricevuta la segnalazione, hanno raggiunto un supermercato in via Atellana, dove poco prima due donne erano con i loro bambini per fare la spesa. Stavano per uscire con i piccoli di 5 e 8 anni quando un uomo, un 45enne di nazionalit\u00e0 ghanese con diversi precedenti, si \u00e8 avvicinato a loro. &#8220;Questo non \u00e8 tuo figlio, dammelo!&#8221;, avrebbe detto l&#8217;uomo a una delle donne riferendosi al piccolo di 5 anni, tentando di prenderlo in braccio. L&#8217;amica della donna si \u00e8 frapposta tra i due. <br \/>Il 45enne ha provato ad afferrare il piccolo, che ha iniziato a urlare &#8220;mamma&#8221;, spaventato. A quel punto la donna con il figlio dietro di s\u00e8 \u00e8 entrata nel supermercato all&#8217;altezza delle casse. L&#8217;uomo l&#8217;ha seguita provando, ancora una volta, ad afferrare il bambino. Ma \u00e8 intervenuta una cassiera. E cos\u00ec l&#8217;uomo si \u00e8 dato alla fuga. <br \/>I carabinieri, ricostruita la vicenda, hanno avviato le ricerche dell 45enne che \u00e8 stato rintracciato nei pressi del supermercato.<br \/>L&#8217;uomo \u00e8 stato arrestato e trasferito in carcere con l&#8217;accusa di tentato sequestro di persona. <div id=\"div-gpt-ad-Messinaoggi.it-DSK-300x250-corpoart\" style=\"text-align:center;margin:0 auto;\"><\/div><\/p>\n<p>&#8211; foto ufficio stampa Carabinieri di Napoli &#8211;<br \/>(ITALPRESS).<\/div>\n<div id=\"videoincontent\" style=\"clear:both\";><\/div>","protected":false},"excerpt":{"rendered":"<p>NAPOLI (ITALPRESS) &#8211; Arrestato dai carabinieri un 45enne, che avrebbe tentato di rapire un bambino in supermercato. E&#8217; accaduto a Caivano, in provincia di Napoli. Pochi giorni fa un analogo episodio era accaduto a Bergamo. I carabinieri, ricevuta la segnalazione, hanno raggiunto un supermercato in via Atellana, dove poco prima due donne erano con i [&hellip;]<\/p>\n","protected":false},"author":18,"featured_media":261555,"comment_status":"closed","ping_status":"closed","sticky":false,"template":"","format":"standard","meta":{"ub_ctt_via":"","_mi_skip_tracking":false},"categories":[446],"tags":[783],"featured_image_src":"https:\/\/www.messinaoggi.it\/website\/wp-content\/uploads\/2026\/02\/20260218_1320.jpg","author_info":{"display_name":"Admin","author_link":"https:\/\/www.messinaoggi.it\/website\/author\/admin\/"},"digistream_id":0,"digistream":false,"_links":{"self":[{"href":"https:\/\/www.messinaoggi.it\/website\/wp-json\/wp\/v2\/posts\/261554"}],"collection":[{"href":"https:\/\/www.messinaoggi.it\/website\/wp-json\/wp\/v2\/posts"}],"about":[{"href":"https:\/\/www.messinaoggi.it\/website\/wp-json\/wp\/v2\/types\/post"}],"author":[{"embeddable":true,"href":"https:\/\/www.messinaoggi.it\/website\/wp-json\/wp\/v2\/users\/18"}],"replies":[{"embeddable":true,"href":"https:\/\/www.messinaoggi.it\/website\/wp-json\/wp\/v2\/comments?post=261554"}],"version-history":[{"count":0,"href":"https:\/\/www.messinaoggi.it\/website\/wp-json\/wp\/v2\/posts\/261554\/revisions"}],"wp:featuredmedia":[{"embeddable":true,"href":"https:\/\/www.messinaoggi.it\/website\/wp-json\/wp\/v2\/media\/261555"}],"wp:attachment":[{"href":"https:\/\/www.messinaoggi.it\/website\/wp-json\/wp\/v2\/media?parent=261554"}],"wp:term":[{"taxonomy":"category","embeddable":true,"href":"https:\/\/www.messinaoggi.it\/website\/wp-json\/wp\/v2\/categories?post=261554"},{"taxonomy":"post_tag","embeddable":true,"href":"https:\/\/www.messinaoggi.it\/website\/wp-json\/wp\/v2\/tags?post=261554"}],"curies":[{"name":"wp","href":"https:\/\/api.w.org\/{rel}","templated":true}]}}