{"id":26155,"date":"2018-10-30T10:22:07","date_gmt":"2018-10-30T09:22:07","guid":{"rendered":"http:\/\/www.messinaoggi.it\/website\/?p=26155"},"modified":"2018-10-30T10:22:07","modified_gmt":"2018-10-30T09:22:07","slug":"maltempo-danneggiata-la-croce-della-chiesa-di-torre-faro","status":"publish","type":"post","link":"https:\/\/www.messinaoggi.it\/website\/2018\/10\/30\/maltempo-danneggiata-la-croce-della-chiesa-di-torre-faro\/","title":{"rendered":"Maltempo, danneggiata la croce della chiesa di Torre Faro"},"content":{"rendered":"<p style=\"text-align: justify;\">A causa delle violente folate di vento di ieri, \u00e8 stata danneggiata la gigantesca croce che si trova sulla guglia della chiesa di Torre Faro.<div id=\"div-gpt-ad-Messinaoggi.it-DSK-300x250-corpoart\" style=\"text-align:center;margin:0 auto;\"><\/div><\/p>\n<p><img loading=\"lazy\" class=\"size-medium wp-image-26156 alignright\" src=\"http:\/\/www.messinaoggi.it\/website\/wp-content\/uploads\/2018\/10\/25E2ADAC-FD3E-4B38-9625-1F7FDCFD8256-300x189.jpeg\" alt=\"\" width=\"300\" height=\"189\" \/><div id=\"videoincontent\" style=\"clear:both\";><\/div><\/p>\n<p style=\"text-align: justify;\">La struttura \u00e8 stata piegata su stessa e si \u00e8 reso necessario l&#8217;intervento dei vigili del fuoco per rimuoverla e mettere quindi in sicurezza la zona. L&#8217;intervento dei pompieri si \u00e8 concluso ieri sera, dopo l&#8217;allarme lanciato dal parroco della chiesa del villaggio rivierasco.<\/p>\n<p style=\"text-align: justify;\">La croce, dopo la rimozione, assicurano a Torre Faro sar\u00e0 presto riposizionata in cima alla chiesa.<\/p>\n","protected":false},"excerpt":{"rendered":"<p>A causa delle violente folate di vento di ieri, \u00e8 stata danneggiata la gigantesca croce che si trova sulla guglia della chiesa di Torre Faro. La struttura \u00e8 stata piegata su stessa e si \u00e8 reso necessario l&#8217;intervento dei vigili del fuoco per rimuoverla e mettere quindi in sicurezza la zona. L&#8217;intervento dei pompieri si [&hellip;]<\/p>\n","protected":false},"author":2,"featured_media":26154,"comment_status":"closed","ping_status":"open","sticky":false,"template":"","format":"standard","meta":{"ub_ctt_via":"","_mi_skip_tracking":false},"categories":[5],"tags":[],"featured_image_src":"https:\/\/www.messinaoggi.it\/website\/wp-content\/uploads\/2018\/10\/B0053039-DBCE-4F1D-B0D7-1DEC5DD8F44F.jpeg","author_info":{"display_name":"Redazione","author_link":"https:\/\/www.messinaoggi.it\/website\/author\/redazione\/"},"digistream_id":0,"digistream":false,"_links":{"self":[{"href":"https:\/\/www.messinaoggi.it\/website\/wp-json\/wp\/v2\/posts\/26155"}],"collection":[{"href":"https:\/\/www.messinaoggi.it\/website\/wp-json\/wp\/v2\/posts"}],"about":[{"href":"https:\/\/www.messinaoggi.it\/website\/wp-json\/wp\/v2\/types\/post"}],"author":[{"embeddable":true,"href":"https:\/\/www.messinaoggi.it\/website\/wp-json\/wp\/v2\/users\/2"}],"replies":[{"embeddable":true,"href":"https:\/\/www.messinaoggi.it\/website\/wp-json\/wp\/v2\/comments?post=26155"}],"version-history":[{"count":0,"href":"https:\/\/www.messinaoggi.it\/website\/wp-json\/wp\/v2\/posts\/26155\/revisions"}],"wp:featuredmedia":[{"embeddable":true,"href":"https:\/\/www.messinaoggi.it\/website\/wp-json\/wp\/v2\/media\/26154"}],"wp:attachment":[{"href":"https:\/\/www.messinaoggi.it\/website\/wp-json\/wp\/v2\/media?parent=26155"}],"wp:term":[{"taxonomy":"category","embeddable":true,"href":"https:\/\/www.messinaoggi.it\/website\/wp-json\/wp\/v2\/categories?post=26155"},{"taxonomy":"post_tag","embeddable":true,"href":"https:\/\/www.messinaoggi.it\/website\/wp-json\/wp\/v2\/tags?post=26155"}],"curies":[{"name":"wp","href":"https:\/\/api.w.org\/{rel}","templated":true}]}}