{"id":261434,"date":"2026-02-17T10:13:23","date_gmt":"2026-02-17T09:13:23","guid":{"rendered":"http:\/\/www.messinaoggi.it\/website\/?p=261434"},"modified":"2026-02-17T11:25:05","modified_gmt":"2026-02-17T10:25:05","slug":"amministrative-si-compone-la-griglia-di-partenza","status":"publish","type":"post","link":"https:\/\/www.messinaoggi.it\/website\/2026\/02\/17\/amministrative-si-compone-la-griglia-di-partenza\/","title":{"rendered":"Amministrative, si compone la griglia di partenza"},"content":{"rendered":"\n<p>L&#8217;ufficialit\u00e0 del centrodestra si avr\u00e0 domani, a seguire quella del centrosinistra. E poi Concotrocorrente scioglier\u00e0 le sue ultime riserve sil nome del candidato sindaco: il pi\u00f9 avvantaggiato in questo momento \u00e8 l&#8217;avvocato Vincenzo La Cava, ma non \u00e8 esclusa la discesa in campo di un personaggio antisistema come il sindacalista Paolo Todaro.<div id=\"div-gpt-ad-Messinaoggi.it-DSK-300x250-corpoart\" style=\"text-align:center;margin:0 auto;\"><\/div><\/p>\n\n\n\n<p>Intanto, il centrodestra pare abbia trovato la quadra su nome di Marcello Scurria, motore del Risanamento messinese ed espressione del civismo locale. Un nome sul quale ci sarebbe assoluta convergenza dei partiti della colazione, dopo che sono stati testati alcuni possibili candidati. Alla fine la scelta \u00e8 ricaduta su Scurria che conosce benissimo Cateno De Luca ed \u00e8 al momento l&#8217;unico candidato che pu\u00f2 contrastare anche in ottica ballottaggio l&#8217;uscente Federico Basile. <div id=\"videoincontent\" style=\"clear:both\";><\/div><\/p>\n\n\n\n<figure class=\"wp-block-image size-large\"><img loading=\"lazy\" width=\"819\" height=\"1024\" src=\"http:\/\/www.messinaoggi.it\/website\/wp-content\/uploads\/2026\/02\/POST-VERTICALI-19-819x1024.png\" alt=\"\" class=\"wp-image-261458\" srcset=\"https:\/\/www.messinaoggi.it\/website\/wp-content\/uploads\/2026\/02\/POST-VERTICALI-19-819x1024.png 819w, https:\/\/www.messinaoggi.it\/website\/wp-content\/uploads\/2026\/02\/POST-VERTICALI-19-240x300.png 240w, https:\/\/www.messinaoggi.it\/website\/wp-content\/uploads\/2026\/02\/POST-VERTICALI-19-768x960.png 768w, https:\/\/www.messinaoggi.it\/website\/wp-content\/uploads\/2026\/02\/POST-VERTICALI-19.png 1080w\" sizes=\"(max-width: 819px) 100vw, 819px\" \/><figcaption><strong>La griglia dei possibili candidati sindaco di Messina<\/strong><\/figcaption><\/figure>\n\n\n\n<p>C&#8217;\u00e8 grande fermento nel centrodestra, dove si stanno muovendo in prima persona i big e non \u00e8 escluso che qualcuno possa anche decidere di scendere in campo a supporto delle liste. <\/p>\n\n\n\n<p>Il nome di Marcello Scurria piace anche a parte della sinistra moderata, e non \u00e8 escluso possa fungere da catalizzatore per il consenso di quella parte dei messinesi che da anni ha deciso di non andare a vota.<\/p>\n\n\n\n<p>Il centro-sinistra \u00e8 sul punto di annunciare il nome di Antonella Russo, consigliera comunale con un bagaglio di esperienza davvero importante e da sempre militante nelle file del Pd. Non \u00e8 escluso che alla fine possa anche uscire qualche altro nome, come quello del deputato regionale del Pd, Calogero Leanza o di Alessandro Russo, attivissimo consigliere comunale.<\/p>\n\n\n\n<p>Federico Basile \u00e8 il sindaco uscente e potr\u00e0 contare sull&#8217;apporto di un &#8220;battaglione&#8221; di liste, forse ben 12, che raccolgono in tutti i settori della citt\u00e0.<\/p>\n\n\n\n<p>Si preannuncia una durissima campagna elettorale anche se, con molta probabilit\u00e0, non sar\u00e0 aspra perch\u00e9 qualche possibile candidato ha gi\u00e0 annunciato di ricorrere alla giustizia semmai si dovesse trascendere nei toni. Il messaggio, manco a dirlo, \u00e8 diretto a Cateno De Luca di cui \u00e8 ben nota la sua &#8220;incontinenza&#8221; verbale.<\/p>\n","protected":false},"excerpt":{"rendered":"<p>L&#8217;ufficialit\u00e0 del centrodestra si avr\u00e0 domani, a seguire quella del centrosinistra. E poi Concotrocorrente scioglier\u00e0 le sue ultime riserve sil nome del candidato sindaco: il pi\u00f9 avvantaggiato in questo momento \u00e8 l&#8217;avvocato Vincenzo La Cava, ma non \u00e8 esclusa la discesa in campo di un personaggio antisistema come il sindacalista Paolo Todaro. Intanto, il centrodestra [&hellip;]<\/p>\n","protected":false},"author":2,"featured_media":240581,"comment_status":"open","ping_status":"open","sticky":false,"template":"","format":"standard","meta":{"ub_ctt_via":"","_mi_skip_tracking":false},"categories":[19],"tags":[11953,6371,12825,12818,3375],"featured_image_src":"https:\/\/www.messinaoggi.it\/website\/wp-content\/uploads\/2025\/05\/Elezioni-comunali-1.jpg","author_info":{"display_name":"Redazione","author_link":"https:\/\/www.messinaoggi.it\/website\/author\/redazione\/"},"digistream_id":0,"digistream":false,"_links":{"self":[{"href":"https:\/\/www.messinaoggi.it\/website\/wp-json\/wp\/v2\/posts\/261434"}],"collection":[{"href":"https:\/\/www.messinaoggi.it\/website\/wp-json\/wp\/v2\/posts"}],"about":[{"href":"https:\/\/www.messinaoggi.it\/website\/wp-json\/wp\/v2\/types\/post"}],"author":[{"embeddable":true,"href":"https:\/\/www.messinaoggi.it\/website\/wp-json\/wp\/v2\/users\/2"}],"replies":[{"embeddable":true,"href":"https:\/\/www.messinaoggi.it\/website\/wp-json\/wp\/v2\/comments?post=261434"}],"version-history":[{"count":2,"href":"https:\/\/www.messinaoggi.it\/website\/wp-json\/wp\/v2\/posts\/261434\/revisions"}],"predecessor-version":[{"id":261460,"href":"https:\/\/www.messinaoggi.it\/website\/wp-json\/wp\/v2\/posts\/261434\/revisions\/261460"}],"wp:featuredmedia":[{"embeddable":true,"href":"https:\/\/www.messinaoggi.it\/website\/wp-json\/wp\/v2\/media\/240581"}],"wp:attachment":[{"href":"https:\/\/www.messinaoggi.it\/website\/wp-json\/wp\/v2\/media?parent=261434"}],"wp:term":[{"taxonomy":"category","embeddable":true,"href":"https:\/\/www.messinaoggi.it\/website\/wp-json\/wp\/v2\/categories?post=261434"},{"taxonomy":"post_tag","embeddable":true,"href":"https:\/\/www.messinaoggi.it\/website\/wp-json\/wp\/v2\/tags?post=261434"}],"curies":[{"name":"wp","href":"https:\/\/api.w.org\/{rel}","templated":true}]}}