{"id":261414,"date":"2026-02-16T17:48:56","date_gmt":"2026-02-16T16:48:56","guid":{"rendered":"http:\/\/www.messinaoggi.it\/website\/?p=261414"},"modified":"2026-02-16T17:48:58","modified_gmt":"2026-02-16T16:48:58","slug":"fdi-centrodestra-compatto-alle-prossime-amministrative","status":"publish","type":"post","link":"https:\/\/www.messinaoggi.it\/website\/2026\/02\/16\/fdi-centrodestra-compatto-alle-prossime-amministrative\/","title":{"rendered":"FdI: &#8220;Centrodestra compatto alle prossime amministrative&#8221;"},"content":{"rendered":"\n<p>&#8220;La coalizione di Centro-Destra, alle prossime elezioni amministrative che si terranno nei comuni della citt\u00e0 metropolitana di Messina, oltre che nel comune di Messina, si presenter\u00e0 unita e compatta, con una proposta che sar\u00e0 in grado di offrire ai messinesi e a tutti gli abitanti della provincia un progetto politico stabile e credibile, quanto mai necessario, \u00a0soprattutto in questo momento di difficolt\u00e0 che stanno vivendo i cittadini e le imprese a seguito dei disastri causati dal ciclone Harry.<div id=\"div-gpt-ad-Messinaoggi.it-DSK-300x250-corpoart\" style=\"text-align:center;margin:0 auto;\"><\/div><\/p>\n\n\n\n<p>Il centro-destra \u00e8 unito e determinato a offrire ai cittadini un programma che avr\u00e0 come centro lo sviluppo, la coesione degli enti locali e i bisogni reali delle persone. Nei prossimi giorni proseguir\u00e0 il lavoro di definizione delle candidature e dei programmi, attraverso un dialogo costante tra le forze della coalizione e con i rappresentanti dei territori, con l\u2019obiettivo di presentare proposte credibili e all\u2019altezza delle aspettative delle Comunit\u00e0&#8221;.<div id=\"videoincontent\" style=\"clear:both\";><\/div><\/p>\n\n\n\n<p>A dichiararlo sono il Presidente Provinciale di Fratelli d\u2019Italia Giosu\u00e8 Giardina e il Presidente di Messina Citt\u00e0 Pasquale Curr\u00f2.<\/p>\n","protected":false},"excerpt":{"rendered":"<p>&#8220;La coalizione di Centro-Destra, alle prossime elezioni amministrative che si terranno nei comuni della citt\u00e0 metropolitana di Messina, oltre che nel comune di Messina, si presenter\u00e0 unita e compatta, con una proposta che sar\u00e0 in grado di offrire ai messinesi e a tutti gli abitanti della provincia un progetto politico stabile e credibile, quanto mai [&hellip;]<\/p>\n","protected":false},"author":2,"featured_media":237398,"comment_status":"open","ping_status":"open","sticky":false,"template":"","format":"standard","meta":{"ub_ctt_via":"","_mi_skip_tracking":false},"categories":[5],"tags":[11953,1059],"featured_image_src":"https:\/\/www.messinaoggi.it\/website\/wp-content\/uploads\/2025\/04\/Foto-Pres.-Prov.-Me-Avv-Giardina-e1771260475232.jpg","author_info":{"display_name":"Redazione","author_link":"https:\/\/www.messinaoggi.it\/website\/author\/redazione\/"},"digistream_id":0,"digistream":false,"_links":{"self":[{"href":"https:\/\/www.messinaoggi.it\/website\/wp-json\/wp\/v2\/posts\/261414"}],"collection":[{"href":"https:\/\/www.messinaoggi.it\/website\/wp-json\/wp\/v2\/posts"}],"about":[{"href":"https:\/\/www.messinaoggi.it\/website\/wp-json\/wp\/v2\/types\/post"}],"author":[{"embeddable":true,"href":"https:\/\/www.messinaoggi.it\/website\/wp-json\/wp\/v2\/users\/2"}],"replies":[{"embeddable":true,"href":"https:\/\/www.messinaoggi.it\/website\/wp-json\/wp\/v2\/comments?post=261414"}],"version-history":[{"count":1,"href":"https:\/\/www.messinaoggi.it\/website\/wp-json\/wp\/v2\/posts\/261414\/revisions"}],"predecessor-version":[{"id":261415,"href":"https:\/\/www.messinaoggi.it\/website\/wp-json\/wp\/v2\/posts\/261414\/revisions\/261415"}],"wp:featuredmedia":[{"embeddable":true,"href":"https:\/\/www.messinaoggi.it\/website\/wp-json\/wp\/v2\/media\/237398"}],"wp:attachment":[{"href":"https:\/\/www.messinaoggi.it\/website\/wp-json\/wp\/v2\/media?parent=261414"}],"wp:term":[{"taxonomy":"category","embeddable":true,"href":"https:\/\/www.messinaoggi.it\/website\/wp-json\/wp\/v2\/categories?post=261414"},{"taxonomy":"post_tag","embeddable":true,"href":"https:\/\/www.messinaoggi.it\/website\/wp-json\/wp\/v2\/tags?post=261414"}],"curies":[{"name":"wp","href":"https:\/\/api.w.org\/{rel}","templated":true}]}}