{"id":261378,"date":"2026-02-16T09:30:53","date_gmt":"2026-02-16T08:30:53","guid":{"rendered":"http:\/\/www.messinaoggi.it\/website\/?p=261378"},"modified":"2026-02-16T09:31:07","modified_gmt":"2026-02-16T08:31:07","slug":"incontro-picciolo-iacp-incontra-la-rettrice-spatari","status":"publish","type":"post","link":"https:\/\/www.messinaoggi.it\/website\/2026\/02\/16\/incontro-picciolo-iacp-incontra-la-rettrice-spatari\/","title":{"rendered":"Incontro: Picciolo (Iacp) incontra la rettrice Spatari"},"content":{"rendered":"\n<p>Il Rettorato dell\u2019Universit\u00e0 degli Studi di Messina ha ospitato l\u2019incontro istituzionale tra il presidente dello IACP Messina,\u00a0<strong>On. Beppe Picciolo<\/strong>, accompagnato dal vicepresidente\u00a0<strong>Avv. Emilio Fastuca<\/strong>\u00a0e dal direttore generale\u00a0<strong>Dott.ssa<\/strong>\u00a0<strong>Maria Grazia Giacobbe,\u00a0<\/strong>e la magnifica rettrice dell\u2019Universit\u00e0 degli Studi di Messina,\u00a0<strong>Prof.ssa Giovanna Spatari<\/strong>, insieme al direttore generale\u00a0<strong>Dott.<\/strong>\u00a0<strong>Pietro Nuccio<\/strong>.<div id=\"div-gpt-ad-Messinaoggi.it-DSK-300x250-corpoart\" style=\"text-align:center;margin:0 auto;\"><\/div><\/p>\n\n\n\n<p>L\u2019incontro, svoltosi in un clima cordiale e proficuo, ha avuto al centro le esigenze dell\u2019IACP legate ai concorsi banditi per il reclutamento di personale tecnico-amministrativo, passaggio fondamentale per rafforzare la struttura organizzativa dell\u2019ente e garantire maggiore efficienza nei servizi offerti.<div id=\"videoincontent\" style=\"clear:both\";><\/div><\/p>\n\n\n\n<p>Nel corso della riunione, l\u2019Universit\u00e0 di Messina ha assicurato il proprio supporto tecnico e logistico per la composizione delle commissioni esaminatrici e per lo svolgimento delle prove concorsuali, mettendo a disposizione competenze e strutture dell\u2019Ateneo.<\/p>\n\n\n\n<p>\u00c8 stata inoltre condivisa la volont\u00e0 di avviare una collaborazione pi\u00f9 ampia e strutturata tra le due istituzioni, con possibili sinergie su comuni finalit\u00e0 istituzionali, nell\u2019ottica di rafforzare il ruolo degli enti pubblici a servizio del territorio.<\/p>\n\n\n\n<p>Al termine dell\u2019incontro, il presidente Picciolo ha dichiarato: \u00abDesidero esprimere il mio sincero ringraziamento alla Rettrice e al Direttore Generale dell\u2019Universit\u00e0 di Messina per la disponibilit\u00e0 e l\u2019attenzione dimostrate. La collaborazione tra istituzioni rappresenta un valore fondamentale per garantire trasparenza, efficienza e qualit\u00e0 nei processi amministrativi. Siamo certi che questo percorso condiviso potr\u00e0 produrre risultati concreti e positivi per il nostro ente e per l\u2019intera comunit\u00e0 messinese\u00bb.<\/p>\n","protected":false},"excerpt":{"rendered":"<p>Il Rettorato dell\u2019Universit\u00e0 degli Studi di Messina ha ospitato l\u2019incontro istituzionale tra il presidente dello IACP Messina,\u00a0On. Beppe Picciolo, accompagnato dal vicepresidente\u00a0Avv. Emilio Fastuca\u00a0e dal direttore generale\u00a0Dott.ssa\u00a0Maria Grazia Giacobbe,\u00a0e la magnifica rettrice dell\u2019Universit\u00e0 degli Studi di Messina,\u00a0Prof.ssa Giovanna Spatari, insieme al direttore generale\u00a0Dott.\u00a0Pietro Nuccio. L\u2019incontro, svoltosi in un clima cordiale e proficuo, ha avuto al [&hellip;]<\/p>\n","protected":false},"author":2,"featured_media":261379,"comment_status":"open","ping_status":"open","sticky":false,"template":"","format":"standard","meta":{"ub_ctt_via":"","_mi_skip_tracking":false},"categories":[5],"tags":[3188,814],"featured_image_src":"https:\/\/www.messinaoggi.it\/website\/wp-content\/uploads\/2026\/02\/Picciolo-Spatari.jpeg","author_info":{"display_name":"Redazione","author_link":"https:\/\/www.messinaoggi.it\/website\/author\/redazione\/"},"digistream_id":0,"digistream":false,"_links":{"self":[{"href":"https:\/\/www.messinaoggi.it\/website\/wp-json\/wp\/v2\/posts\/261378"}],"collection":[{"href":"https:\/\/www.messinaoggi.it\/website\/wp-json\/wp\/v2\/posts"}],"about":[{"href":"https:\/\/www.messinaoggi.it\/website\/wp-json\/wp\/v2\/types\/post"}],"author":[{"embeddable":true,"href":"https:\/\/www.messinaoggi.it\/website\/wp-json\/wp\/v2\/users\/2"}],"replies":[{"embeddable":true,"href":"https:\/\/www.messinaoggi.it\/website\/wp-json\/wp\/v2\/comments?post=261378"}],"version-history":[{"count":1,"href":"https:\/\/www.messinaoggi.it\/website\/wp-json\/wp\/v2\/posts\/261378\/revisions"}],"predecessor-version":[{"id":261380,"href":"https:\/\/www.messinaoggi.it\/website\/wp-json\/wp\/v2\/posts\/261378\/revisions\/261380"}],"wp:featuredmedia":[{"embeddable":true,"href":"https:\/\/www.messinaoggi.it\/website\/wp-json\/wp\/v2\/media\/261379"}],"wp:attachment":[{"href":"https:\/\/www.messinaoggi.it\/website\/wp-json\/wp\/v2\/media?parent=261378"}],"wp:term":[{"taxonomy":"category","embeddable":true,"href":"https:\/\/www.messinaoggi.it\/website\/wp-json\/wp\/v2\/categories?post=261378"},{"taxonomy":"post_tag","embeddable":true,"href":"https:\/\/www.messinaoggi.it\/website\/wp-json\/wp\/v2\/tags?post=261378"}],"curies":[{"name":"wp","href":"https:\/\/api.w.org\/{rel}","templated":true}]}}