{"id":26130,"date":"2018-10-29T18:46:17","date_gmt":"2018-10-29T17:46:17","guid":{"rendered":"http:\/\/www.messinaoggi.it\/website\/?p=26130"},"modified":"2018-10-29T18:46:17","modified_gmt":"2018-10-29T17:46:17","slug":"tripodi-e-mastroeni-paura-della-piazza-ha-fatto-stravolgere-il-salva-messina","status":"publish","type":"post","link":"https:\/\/www.messinaoggi.it\/website\/2018\/10\/29\/tripodi-e-mastroeni-paura-della-piazza-ha-fatto-stravolgere-il-salva-messina\/","title":{"rendered":"Tripodi e Mastroeni: &quot;Paura della piazza ha fatto stravolgere il Salva Messina&quot;"},"content":{"rendered":"<p class=\"p1\" style=\"text-align: justify;\"><span class=\"s1\"><b>\u201c<\/b>Grazie alla mobilitazione del 31 ottobre il \u201cSalva Messina\u201d firmato il 13 ottobre da Cisl e Cisal \u00e8 stato stravolto, rimangono ancora molti punti da cambiare e per questo il 31 ottobre alle 10 saremo in piazza con lavoratori e cittadini\u201d, dichiarano i segretari generali di Cgil Messina Giovanni Mastroeni e Uil Messina Ivan Tripodi.<\/span><div id=\"div-gpt-ad-Messinaoggi.it-DSK-300x250-corpoart\" style=\"text-align:center;margin:0 auto;\"><\/div><\/p>\n<p class=\"p2\" style=\"text-align: justify;\"><span class=\"s1\">Cgil e Uil ribadiscono come avevano chiesto al sindaco della citt\u00e0 di Messina un rinvio di quattro giorni della trattativa che invece si \u00e8 tenuta, ci\u00f2 come avviene nelle corrette relazioni sindacali quando sono previste mobilitazioni.<\/span><div id=\"videoincontent\" style=\"clear:both\";><\/div><\/p>\n<p class=\"p2\" style=\"text-align: justify;\"><span class=\"s1\">La paura della piazza \u2013 dicono Cgil e Uil &#8211;\u00a0 ha portato i firmatari del \u201cSalva Messina\u201d del 13 ottobre con in testa il sindaco De Luca a modificare radicalmente la \u201cmacelleria sociale\u201d contenuta nella prima stesura del piano a cui Cgil e Uil hanno detto no non firmandolo e proclamando da subito la mobilitazione. \u201cLe decisioni sui servizi sociali sono frutto della forte contestazione avviata da Cgil e Uil \u2013 affermano i segretari generali &#8211; restano una serie di punti che dovranno essere discussi in una trattativa che chiediamo si svolga gi\u00e0 dal pomeriggio del 31\u201d. Cgil e Uil chiamano in causa il Consiglio comunale.<\/span><\/p>\n<p class=\"p2\" style=\"text-align: justify;\"><span class=\"s1\">Per Cgil e Uil la rimodulazione del piano di riequilibrio non pu\u00f2 avere conseguenze sui lavoratori e sulla citt\u00e0 con un tessuto economico gi\u00e0 gravemente debole. \u201cSin dal primo incontro dell\u20198 ottobre \u2013 osservano Mastroeni e Tripodi &#8211; abbiamo chiesto che fosse aperto un confronto tra le istituzioni, i soggetti sociali, la deputazione nazionale e regionale per ottenere un intervento straordinario di\u00a0 solidariet\u00e0 istituzionale come previsto per le aree metropolitane. Interventi e iniziative che altre realt\u00e0 come Palermo, Catania, Napoli e altre citt\u00e0 hanno gi\u00e0 messo in campo. Seguendo uno stile sicuramente opposto a quello tenuto sino ad oggi dal sindaco di Messina\u201d.<\/span><\/p>\n<p class=\"p2\" style=\"text-align: justify;\"><span class=\"s1\">Per Cgil e Uil la scelta della messa in liquidazione dell\u2019Atm con le metodologie annunciate rischia di portare la stessa azienda in tribunale, ribadendo la contrariet\u00e0 alla chiusura del tram e chiedendo la radicale modifica dell\u2019attuale piano dei servizi. Sulle altre partecipate Cgil e Uil evidenziano come la bocciatura del piano industriale della \u201cMessina Servizi\u201d \u00e8 un fatto estremamente negativo che comporter\u00e0 ricadute sui lavoratori, sul funzionamento del servizio e nasconde il vero obiettivo del sindaco De Luca della privatizzazione del servizio raccolta rifiuti, tant\u2019\u00e8 che le categorie interessate hanno proclamato lo sciopero. Sull\u2019Amam l\u2019ultima stesura del \u201cSalva Messina\u201d non affronta n\u00e9 l\u2019avvio delle procedure per l\u2019immissione di nuovo personale, n\u00e9 l\u2019avvio di tutta quella progettazione dell\u2019ammodernamento della rete idrica cittadina attingendo dalla disponibilit\u00e0 dei finanziamenti europei. La carenza evidente di personale e i prossimi pensionamenti \u2013 sottolineano Cgil e Uil \u2013 comporteranno il rischio del blocco del servizio idrico in citt\u00e0. Nella riorganizzazione del personale del Comune\u00a0 \u2013 evidenziano inoltre Cgil e Uil \u2013 va affrontata e risolta la carenza d\u2019organico mai acclarata di 400 unit\u00e0.<\/span><\/p>\n","protected":false},"excerpt":{"rendered":"<p>\u201cGrazie alla mobilitazione del 31 ottobre il \u201cSalva Messina\u201d firmato il 13 ottobre da Cisl e Cisal \u00e8 stato stravolto, rimangono ancora molti punti da cambiare e per questo il 31 ottobre alle 10 saremo in piazza con lavoratori e cittadini\u201d, dichiarano i segretari generali di Cgil Messina Giovanni Mastroeni e Uil Messina Ivan Tripodi. [&hellip;]<\/p>\n","protected":false},"author":2,"featured_media":25669,"comment_status":"closed","ping_status":"open","sticky":false,"template":"","format":"standard","meta":{"ub_ctt_via":"","_mi_skip_tracking":false},"categories":[6],"tags":[],"featured_image_src":"https:\/\/www.messinaoggi.it\/website\/wp-content\/uploads\/2018\/10\/Tripodi-e-Mastroeni.jpg","author_info":{"display_name":"Redazione","author_link":"https:\/\/www.messinaoggi.it\/website\/author\/redazione\/"},"digistream_id":0,"digistream":false,"_links":{"self":[{"href":"https:\/\/www.messinaoggi.it\/website\/wp-json\/wp\/v2\/posts\/26130"}],"collection":[{"href":"https:\/\/www.messinaoggi.it\/website\/wp-json\/wp\/v2\/posts"}],"about":[{"href":"https:\/\/www.messinaoggi.it\/website\/wp-json\/wp\/v2\/types\/post"}],"author":[{"embeddable":true,"href":"https:\/\/www.messinaoggi.it\/website\/wp-json\/wp\/v2\/users\/2"}],"replies":[{"embeddable":true,"href":"https:\/\/www.messinaoggi.it\/website\/wp-json\/wp\/v2\/comments?post=26130"}],"version-history":[{"count":0,"href":"https:\/\/www.messinaoggi.it\/website\/wp-json\/wp\/v2\/posts\/26130\/revisions"}],"wp:featuredmedia":[{"embeddable":true,"href":"https:\/\/www.messinaoggi.it\/website\/wp-json\/wp\/v2\/media\/25669"}],"wp:attachment":[{"href":"https:\/\/www.messinaoggi.it\/website\/wp-json\/wp\/v2\/media?parent=26130"}],"wp:term":[{"taxonomy":"category","embeddable":true,"href":"https:\/\/www.messinaoggi.it\/website\/wp-json\/wp\/v2\/categories?post=26130"},{"taxonomy":"post_tag","embeddable":true,"href":"https:\/\/www.messinaoggi.it\/website\/wp-json\/wp\/v2\/tags?post=26130"}],"curies":[{"name":"wp","href":"https:\/\/api.w.org\/{rel}","templated":true}]}}