{"id":261038,"date":"2026-02-11T14:01:12","date_gmt":"2026-02-11T13:01:12","guid":{"rendered":"http:\/\/www.messinaoggi.it\/website\/?p=261038"},"modified":"2026-02-11T14:02:11","modified_gmt":"2026-02-11T13:02:11","slug":"masse-disgrazia-sfiorata-macchina-in-bilico-sulla-provinciale","status":"publish","type":"post","link":"https:\/\/www.messinaoggi.it\/website\/2026\/02\/11\/masse-disgrazia-sfiorata-macchina-in-bilico-sulla-provinciale\/","title":{"rendered":"Masse, disgrazia sfiorata, macchina in bilico sulla Provinciale"},"content":{"rendered":"\n<p>Ci risiamo. Sfiorata una nuova tragedia nella tarda mattina sulla strada provinciale Campo Italia-Le Masse. Una vettura ha rischiato di essere risucchiata da una frana, non lontano dal centro collinare.<div id=\"div-gpt-ad-Messinaoggi.it-DSK-300x250-corpoart\" style=\"text-align:center;margin:0 auto;\"><\/div><\/p>\n\n\n\n<p>La vettura \u00e8 rimasta in bilico e solo da pochi minuti i vigili del fuoco hanno tratto in salvo gli occupanti. Un nuova tragedia sfiorata che ha mandato su tutte le furie i cittadini dei centri collinari.<div id=\"videoincontent\" style=\"clear:both\";><\/div><\/p>\n\n\n\n<p>Un episodio simile ma con conseguenze pi\u00f9 gravi si \u00e8 verificato ad inizio gennaio, quando una vettura \u00e8 stata risucchiata da una frana sulla SP 45: l&#8217;automobilista si \u00e8 salvato ma ha riportato la frattura del femore.<\/p>\n\n\n\n<p>Questa mattina i componenti del Comitato Le Masse, intanto, hanno depositato ai carabinieri di Castanea un esposto-denuncia sulla pericolosit\u00e0 delle strade provinciali che collegano i centri collinari con la citt\u00e0 capoluogo.<\/p>\n","protected":false},"excerpt":{"rendered":"<p>Ci risiamo. Sfiorata una nuova tragedia nella tarda mattina sulla strada provinciale Campo Italia-Le Masse. Una vettura ha rischiato di essere risucchiata da una frana, non lontano dal centro collinare. La vettura \u00e8 rimasta in bilico e solo da pochi minuti i vigili del fuoco hanno tratto in salvo gli occupanti. Un nuova tragedia sfiorata [&hellip;]<\/p>\n","protected":false},"author":2,"featured_media":261040,"comment_status":"open","ping_status":"open","sticky":false,"template":"","format":"standard","meta":{"ub_ctt_via":"","_mi_skip_tracking":false},"categories":[19],"tags":[12219,7510],"featured_image_src":"https:\/\/www.messinaoggi.it\/website\/wp-content\/uploads\/2026\/02\/4d0bd47d-0986-4fc9-b3c0-12b32aad25e2-1.jpg","author_info":{"display_name":"Redazione","author_link":"https:\/\/www.messinaoggi.it\/website\/author\/redazione\/"},"digistream_id":0,"digistream":false,"_links":{"self":[{"href":"https:\/\/www.messinaoggi.it\/website\/wp-json\/wp\/v2\/posts\/261038"}],"collection":[{"href":"https:\/\/www.messinaoggi.it\/website\/wp-json\/wp\/v2\/posts"}],"about":[{"href":"https:\/\/www.messinaoggi.it\/website\/wp-json\/wp\/v2\/types\/post"}],"author":[{"embeddable":true,"href":"https:\/\/www.messinaoggi.it\/website\/wp-json\/wp\/v2\/users\/2"}],"replies":[{"embeddable":true,"href":"https:\/\/www.messinaoggi.it\/website\/wp-json\/wp\/v2\/comments?post=261038"}],"version-history":[{"count":1,"href":"https:\/\/www.messinaoggi.it\/website\/wp-json\/wp\/v2\/posts\/261038\/revisions"}],"predecessor-version":[{"id":261041,"href":"https:\/\/www.messinaoggi.it\/website\/wp-json\/wp\/v2\/posts\/261038\/revisions\/261041"}],"wp:featuredmedia":[{"embeddable":true,"href":"https:\/\/www.messinaoggi.it\/website\/wp-json\/wp\/v2\/media\/261040"}],"wp:attachment":[{"href":"https:\/\/www.messinaoggi.it\/website\/wp-json\/wp\/v2\/media?parent=261038"}],"wp:term":[{"taxonomy":"category","embeddable":true,"href":"https:\/\/www.messinaoggi.it\/website\/wp-json\/wp\/v2\/categories?post=261038"},{"taxonomy":"post_tag","embeddable":true,"href":"https:\/\/www.messinaoggi.it\/website\/wp-json\/wp\/v2\/tags?post=261038"}],"curies":[{"name":"wp","href":"https:\/\/api.w.org\/{rel}","templated":true}]}}