{"id":260949,"date":"2026-02-10T09:35:45","date_gmt":"2026-02-10T08:35:45","guid":{"rendered":"http:\/\/www.messinaoggi.it\/website\/?p=260949"},"modified":"2026-02-10T09:36:01","modified_gmt":"2026-02-10T08:36:01","slug":"fiera-del-dolce-di-padre-nostro-padre-di-tutti","status":"publish","type":"post","link":"https:\/\/www.messinaoggi.it\/website\/2026\/02\/10\/fiera-del-dolce-di-padre-nostro-padre-di-tutti\/","title":{"rendered":"Fiera del dolce di &#8220;Padre Nostro&#8230; Padre di tutti&#8221;"},"content":{"rendered":"\n<p>In vista del Carnevale, la Comunit\u00e0 parrocchiale di Santa Maria di Ges\u00f9 Superiore \u2013 Ritiro ha vissuto un intenso momento di condivisione e solidariet\u00e0 grazie alla XXII Fiera del dolce e mostra solidale \u201cLa dolcezza\u2026 che cura\u201d, organizzata dal Gruppo \u201cPadre nostro\u2026 Padre di tutti\u201d in collaborazione con l\u2019Ufficio Missionario Diocesano, diretto da Monsignor Francesco De Domenico.<div id=\"div-gpt-ad-Messinaoggi.it-DSK-300x250-corpoart\" style=\"text-align:center;margin:0 auto;\"><\/div><\/p>\n\n\n\n<p>La fiera, svoltasi sabato 07 e domenica 08 febbraio, ha registrato una partecipazione sentita e generosa, trasformando un appuntamento legato alla tradizione del Carnevale in un\u2019occasione concreta di fraternit\u00e0 e attenzione verso i pi\u00f9 fragili. Dolci preparati con cura e donati da alcune pasticcerie di Messina, stand solidali e momenti di incontro hanno dato vita a un clima di gioia semplice ma profonda, capace di coinvolgere grandi e piccoli.<div id=\"videoincontent\" style=\"clear:both\";><\/div><\/p>\n\n\n\n<p>Il ricavato dell\u2019iniziativa sar\u00e0 destinato a sostenere i progetti sanitari dell\u2019associazione \u201cWalking Together\u201d a favore dell\u2019Ospedale \u201cAnoalite\u201d di Mungbere, in Congo, fondato nel 1981 e gestito dai missionari Comboniani. In particolare, i fondi raccolti contribuiranno a fronteggiare le gravi emergenze legate alla malnutrizione infantile e a garantire le cure chemioterapiche per i malati oncologici, offrendo un aiuto concreto a chi vive in contesti segnati da povert\u00e0 e carenza di risorse sanitarie.<\/p>\n\n\n\n<p>Attraverso un gesto semplice come l\u2019acquisto di un dolce, ciascuno \u00e8 diventare parte di una catena di bene che attraversa confini geografici e culturali, trasformando un momento di festa in un atto di amore concreto verso chi soffre.<\/p>\n\n\n\n<p>Un sentito ringraziamento va al parroco, padre Antonio Gugliandolo, per l\u2019accoglienza calorosa e la piena disponibilit\u00e0 dimostrata, alla Comunit\u00e0 parrocchiale, che ancora una volta ha saputo farsi segno vivo di Chiesa solidale e ha sostenuto l\u2019iniziativa con entusiasmo e spirito di servizio, e a tutti coloro che hanno partecipato, accorrendo numerosi dopo aver appreso dell\u2019evento e dimostrando, ancora una volta, grande sensibilit\u00e0 e generosit\u00e0. \u201cLa dolcezza\u2026 che cura\u201d si conferma cos\u00ec non solo una fiera, ma un segno tangibile di come piccoli gesti, se condivisi, possano diventare strumenti di speranza per chi \u00e8 geograficamente distante ma non per questo dimenticato, perch\u00e9 la dolcezza non \u00e8 solo un sapore, ma anche una cura che sa arrivare ovunque.<\/p>\n","protected":false},"excerpt":{"rendered":"<p>In vista del Carnevale, la Comunit\u00e0 parrocchiale di Santa Maria di Ges\u00f9 Superiore \u2013 Ritiro ha vissuto un intenso momento di condivisione e solidariet\u00e0 grazie alla XXII Fiera del dolce e mostra solidale \u201cLa dolcezza\u2026 che cura\u201d, organizzata dal Gruppo \u201cPadre nostro\u2026 Padre di tutti\u201d in collaborazione con l\u2019Ufficio Missionario Diocesano, diretto da Monsignor Francesco [&hellip;]<\/p>\n","protected":false},"author":2,"featured_media":260950,"comment_status":"open","ping_status":"open","sticky":false,"template":"","format":"standard","meta":{"ub_ctt_via":"","_mi_skip_tracking":false},"categories":[5],"tags":[3740,3896],"featured_image_src":"https:\/\/www.messinaoggi.it\/website\/wp-content\/uploads\/2026\/02\/Foto-Fiera.jpg","author_info":{"display_name":"Redazione","author_link":"https:\/\/www.messinaoggi.it\/website\/author\/redazione\/"},"digistream_id":0,"digistream":false,"_links":{"self":[{"href":"https:\/\/www.messinaoggi.it\/website\/wp-json\/wp\/v2\/posts\/260949"}],"collection":[{"href":"https:\/\/www.messinaoggi.it\/website\/wp-json\/wp\/v2\/posts"}],"about":[{"href":"https:\/\/www.messinaoggi.it\/website\/wp-json\/wp\/v2\/types\/post"}],"author":[{"embeddable":true,"href":"https:\/\/www.messinaoggi.it\/website\/wp-json\/wp\/v2\/users\/2"}],"replies":[{"embeddable":true,"href":"https:\/\/www.messinaoggi.it\/website\/wp-json\/wp\/v2\/comments?post=260949"}],"version-history":[{"count":1,"href":"https:\/\/www.messinaoggi.it\/website\/wp-json\/wp\/v2\/posts\/260949\/revisions"}],"predecessor-version":[{"id":260951,"href":"https:\/\/www.messinaoggi.it\/website\/wp-json\/wp\/v2\/posts\/260949\/revisions\/260951"}],"wp:featuredmedia":[{"embeddable":true,"href":"https:\/\/www.messinaoggi.it\/website\/wp-json\/wp\/v2\/media\/260950"}],"wp:attachment":[{"href":"https:\/\/www.messinaoggi.it\/website\/wp-json\/wp\/v2\/media?parent=260949"}],"wp:term":[{"taxonomy":"category","embeddable":true,"href":"https:\/\/www.messinaoggi.it\/website\/wp-json\/wp\/v2\/categories?post=260949"},{"taxonomy":"post_tag","embeddable":true,"href":"https:\/\/www.messinaoggi.it\/website\/wp-json\/wp\/v2\/tags?post=260949"}],"curies":[{"name":"wp","href":"https:\/\/api.w.org\/{rel}","templated":true}]}}