{"id":260943,"date":"2026-02-10T08:43:05","date_gmt":"2026-02-10T07:43:05","guid":{"rendered":"http:\/\/www.messinaoggi.it\/website\/?p=260943"},"modified":"2026-02-10T08:43:19","modified_gmt":"2026-02-10T07:43:19","slug":"ligabue-a-messina-al-via-la-vendita-dei-biglietti","status":"publish","type":"post","link":"https:\/\/www.messinaoggi.it\/website\/2026\/02\/10\/ligabue-a-messina-al-via-la-vendita-dei-biglietti\/","title":{"rendered":"Ligabue a Messina, al via la vendita dei biglietti"},"content":{"rendered":"\n<p>\u201cIl concerto di Luciano Ligabue &#8211; dichiara il Sindaco Federico Basile &#8211; rappresenta un ulteriore risultato del lavoro di programmazione che stiamo portando avanti per rendere Messina sempre pi\u00f9 attrattiva per le grandi produzioni. La citt\u00e0 oggi viene scelta perch\u00e9 offre organizzazione, strutture e una visione chiara sugli eventi di richiamo nazionale\u201d.<div id=\"div-gpt-ad-Messinaoggi.it-DSK-300x250-corpoart\" style=\"text-align:center;margin:0 auto;\"><\/div><\/p>\n\n\n\n<p>\u201cMessina \u00e8 ormai considerata una piazza affidabile e strategica nel circuito dei grandi live. Questo evento conferma un percorso costruito nel tempo, basato su pianificazione, dialogo con i promoter e valorizzazione delle strutture esistenti, con l\u2019obiettivo di rendere la citt\u00e0 una tappa stabile dei tour pi\u00f9 importanti\u201d, sottolinea l\u2019Assessore ai Grandi Eventi Massimo Finocchiaro.<div id=\"videoincontent\" style=\"clear:both\";><\/div><\/p>\n\n\n\n<p>I biglietti per i live nei palasport italiani e all\u2019Arena di Verona saranno disponibili dalle ore 11.00 di gioved\u00ec 12 febbraio su Ticketone e punti vendita abituali.<\/p>\n\n\n\n<p>Per gli iscritti al BarMario i biglietti saranno disponibili dalle ore 11.00 di marted\u00ec 10 febbraio.<\/p>\n\n\n\n<p>Per info: <a href=\"http:\/\/www.friendsandpartners.it\/\" target=\"_blank\" rel=\"noreferrer noopener\">friendsandpartners.it<\/a> \/ <a href=\"https:\/\/barmario.ligabue.com\/\" target=\"_blank\" rel=\"noreferrer noopener\">ligabue.com<\/a>\/barmario.<\/p>\n\n\n\n<p><a>Le grandi feste partiranno appunto dagli stadi a giugno: <\/a>il 5 giugno allo Stadio Comunale di BIBIONE (Venezia) si terr\u00e0 la data zero CERTE NOTTI A BIBIONE a cui seguiranno i grandi eventi live CERTE NOTTI A ROMA il 12 giugno allo Stadio Olimpico di ROMA, CERTE NOTTI A TORINO il 17 giugno all\u2019Allianz Stadium di TORINO e CERTE NOTTI A MILANO il 20 giugno (a un anno esatto da Campovolo 2025) allo Stadio San Siro di MILANO (SOLD OUT).<\/p>\n\n\n\n<p>Le celebrazioni per il trentennale di \u201c<em>Certe notti<\/em>\u201d e dell\u2019album \u201c<em>Buon Compleanno Elvis<\/em>\u201d, che nel 1995 hanno segnato uno dei momenti pi\u00f9 importanti della carriera del Liga, e il ventennale del primo Campovolo proseguiranno a settembre e ottobre con un tour che si preannuncia imperdibile.<\/p>\n\n\n\n<p>In attesa dei live italiani, nel mese di maggio Ligabue far\u00e0 il giro dell\u2019Europa con CERTE NOTTI IN EUROPA, un tour che partir\u00e0 da BARCELLONA e toccher\u00e0 MADRID, PARIGI, LONDRA, UTRECHT, BRUXELLES, LUSSEMBURGO e ZURIGO.<\/p>\n\n\n\n<p>Inoltre, il 6 maggio il Liga sar\u00e0 protagonista de LA PRIMA NOTTE \u2013 Music Opening Ceremony, uno show unico che inaugurer\u00e0 il palco della nuovissima Arena Milano nel quartiere Santa Giulia. Sar\u00e0 il primo artista a esibirsi in questa spettacolare venue, segnando cos\u00ec l\u2019inizio di una nuova era per il live entertainment in Italia.<\/p>\n\n\n\n<p><\/p>\n","protected":false},"excerpt":{"rendered":"<p>\u201cIl concerto di Luciano Ligabue &#8211; dichiara il Sindaco Federico Basile &#8211; rappresenta un ulteriore risultato del lavoro di programmazione che stiamo portando avanti per rendere Messina sempre pi\u00f9 attrattiva per le grandi produzioni. La citt\u00e0 oggi viene scelta perch\u00e9 offre organizzazione, strutture e una visione chiara sugli eventi di richiamo nazionale\u201d. \u201cMessina \u00e8 ormai [&hellip;]<\/p>\n","protected":false},"author":2,"featured_media":260944,"comment_status":"open","ping_status":"open","sticky":false,"template":"","format":"standard","meta":{"ub_ctt_via":"","_mi_skip_tracking":false},"categories":[6],"tags":[11083,9152,1217],"featured_image_src":"https:\/\/www.messinaoggi.it\/website\/wp-content\/uploads\/2026\/02\/Luciano-Ligabue_ph.-Maurizio-Bresciani_J0A6639_b.jpg","author_info":{"display_name":"Redazione","author_link":"https:\/\/www.messinaoggi.it\/website\/author\/redazione\/"},"digistream_id":0,"digistream":false,"_links":{"self":[{"href":"https:\/\/www.messinaoggi.it\/website\/wp-json\/wp\/v2\/posts\/260943"}],"collection":[{"href":"https:\/\/www.messinaoggi.it\/website\/wp-json\/wp\/v2\/posts"}],"about":[{"href":"https:\/\/www.messinaoggi.it\/website\/wp-json\/wp\/v2\/types\/post"}],"author":[{"embeddable":true,"href":"https:\/\/www.messinaoggi.it\/website\/wp-json\/wp\/v2\/users\/2"}],"replies":[{"embeddable":true,"href":"https:\/\/www.messinaoggi.it\/website\/wp-json\/wp\/v2\/comments?post=260943"}],"version-history":[{"count":1,"href":"https:\/\/www.messinaoggi.it\/website\/wp-json\/wp\/v2\/posts\/260943\/revisions"}],"predecessor-version":[{"id":260945,"href":"https:\/\/www.messinaoggi.it\/website\/wp-json\/wp\/v2\/posts\/260943\/revisions\/260945"}],"wp:featuredmedia":[{"embeddable":true,"href":"https:\/\/www.messinaoggi.it\/website\/wp-json\/wp\/v2\/media\/260944"}],"wp:attachment":[{"href":"https:\/\/www.messinaoggi.it\/website\/wp-json\/wp\/v2\/media?parent=260943"}],"wp:term":[{"taxonomy":"category","embeddable":true,"href":"https:\/\/www.messinaoggi.it\/website\/wp-json\/wp\/v2\/categories?post=260943"},{"taxonomy":"post_tag","embeddable":true,"href":"https:\/\/www.messinaoggi.it\/website\/wp-json\/wp\/v2\/tags?post=260943"}],"curies":[{"name":"wp","href":"https:\/\/api.w.org\/{rel}","templated":true}]}}