{"id":260940,"date":"2026-02-10T08:38:22","date_gmt":"2026-02-10T07:38:22","guid":{"rendered":"http:\/\/www.messinaoggi.it\/website\/?p=260940"},"modified":"2026-02-10T08:38:42","modified_gmt":"2026-02-10T07:38:42","slug":"verso-il-congresso-cresce-la-uil-trasporti","status":"publish","type":"post","link":"https:\/\/www.messinaoggi.it\/website\/2026\/02\/10\/verso-il-congresso-cresce-la-uil-trasporti\/","title":{"rendered":"Verso il congresso: cresce la Uil-Trasporti"},"content":{"rendered":"\n<p>Prosegue con grande partecipazione e forte entusiasmo il percorso congressuale della Uiltrasporti Messina \u2013 Caltanissetta \u2013 Enna, avviato nei mesi scorsi attraverso assemblee, incontri territoriali e gli Stati Generali di tutti i comparti, culminati nel Consiglio Territoriale del 5 dicembre 2025.<div id=\"div-gpt-ad-Messinaoggi.it-DSK-300x250-corpoart\" style=\"text-align:center;margin:0 auto;\"><\/div><\/p>\n\n\n\n<p>Un cammino intenso e condiviso che guarda ora al suo momento pi\u00f9 alto: venerd\u00ec 20 febbraio 2026, quando nel prestigioso Salone delle Bandiere dell\u2019Unione Europea a Palazzo Zanca si celebrer\u00e0 il XII Congresso territoriale della Uiltrasporti, appuntamento centrale per il futuro dell\u2019Organizzazione e per il mondo del lavoro nei trasporti e nei servizi.<div id=\"videoincontent\" style=\"clear:both\";><\/div><\/p>\n\n\n\n<p>Questa mattina, presso la sede di viale San Martino, si \u00e8 svolta l\u2019Assemblea precongressuale territoriale, con la partecipazione di tutte le Delegate e di tutti i Delegati eletti nei luoghi di lavoro. Un momento di confronto vero e partecipato, dedicato alla costruzione collettiva delle linee politiche e sindacali che guideranno la Uiltrasporti nei prossimi quattro anni.<\/p>\n\n\n\n<p>All\u2019assemblea hanno preso parte il Segretario Generale Antonino Di Mento e i Segretari di settore:<\/p>\n\n\n\n<p>Claudio Femmin\u00f2 (Mobilit\u00e0), Cinzia Rizzo (Organizzativo Multiservizi), Mario Quartarone (Marittimi e Portuali), Angelo Passari (Viabilit\u00e0), Giacomo Marzullo (Igiene Ambientale e Logistica), Francesco Macr\u00ec (TPL), insieme alle RSU e RSA. Nel corso degli interventi sono stati illustrati e approfonditi i punti cardine delle tesi congressuali, ribadendo il valore del lavoro, la tutela dei diritti, la sicurezza e lo sviluppo sostenibile dei trasporti e dei servizi come assi strategici dell\u2019azione sindacale. Durante l\u2019incontro sono state inserite nuove figure che vanno ad arricchire il Direttivo<\/p>\n","protected":false},"excerpt":{"rendered":"<p>Prosegue con grande partecipazione e forte entusiasmo il percorso congressuale della Uiltrasporti Messina \u2013 Caltanissetta \u2013 Enna, avviato nei mesi scorsi attraverso assemblee, incontri territoriali e gli Stati Generali di tutti i comparti, culminati nel Consiglio Territoriale del 5 dicembre 2025. Un cammino intenso e condiviso che guarda ora al suo momento pi\u00f9 alto: venerd\u00ec [&hellip;]<\/p>\n","protected":false},"author":2,"featured_media":260941,"comment_status":"open","ping_status":"open","sticky":false,"template":"","format":"standard","meta":{"ub_ctt_via":"","_mi_skip_tracking":false},"categories":[5],"tags":[4431,8484,6648],"featured_image_src":"https:\/\/www.messinaoggi.it\/website\/wp-content\/uploads\/2026\/02\/immagine-2-2026-02-09-at-12.48.56.jpeg","author_info":{"display_name":"Redazione","author_link":"https:\/\/www.messinaoggi.it\/website\/author\/redazione\/"},"digistream_id":0,"digistream":false,"_links":{"self":[{"href":"https:\/\/www.messinaoggi.it\/website\/wp-json\/wp\/v2\/posts\/260940"}],"collection":[{"href":"https:\/\/www.messinaoggi.it\/website\/wp-json\/wp\/v2\/posts"}],"about":[{"href":"https:\/\/www.messinaoggi.it\/website\/wp-json\/wp\/v2\/types\/post"}],"author":[{"embeddable":true,"href":"https:\/\/www.messinaoggi.it\/website\/wp-json\/wp\/v2\/users\/2"}],"replies":[{"embeddable":true,"href":"https:\/\/www.messinaoggi.it\/website\/wp-json\/wp\/v2\/comments?post=260940"}],"version-history":[{"count":1,"href":"https:\/\/www.messinaoggi.it\/website\/wp-json\/wp\/v2\/posts\/260940\/revisions"}],"predecessor-version":[{"id":260942,"href":"https:\/\/www.messinaoggi.it\/website\/wp-json\/wp\/v2\/posts\/260940\/revisions\/260942"}],"wp:featuredmedia":[{"embeddable":true,"href":"https:\/\/www.messinaoggi.it\/website\/wp-json\/wp\/v2\/media\/260941"}],"wp:attachment":[{"href":"https:\/\/www.messinaoggi.it\/website\/wp-json\/wp\/v2\/media?parent=260940"}],"wp:term":[{"taxonomy":"category","embeddable":true,"href":"https:\/\/www.messinaoggi.it\/website\/wp-json\/wp\/v2\/categories?post=260940"},{"taxonomy":"post_tag","embeddable":true,"href":"https:\/\/www.messinaoggi.it\/website\/wp-json\/wp\/v2\/tags?post=260940"}],"curies":[{"name":"wp","href":"https:\/\/api.w.org\/{rel}","templated":true}]}}