{"id":2609,"date":"2017-06-10T12:32:39","date_gmt":"2017-06-10T10:32:39","guid":{"rendered":"http:\/\/www.messinaoggi.it\/website\/?p=2609"},"modified":"2017-06-10T12:32:39","modified_gmt":"2017-06-10T10:32:39","slug":"calcio-eccellenza-ufficiale-il-divorzio-tra-citta-di-messina-e-bellinvia","status":"publish","type":"post","link":"https:\/\/www.messinaoggi.it\/website\/2017\/06\/10\/calcio-eccellenza-ufficiale-il-divorzio-tra-citta-di-messina-e-bellinvia\/","title":{"rendered":"Calcio, Eccellenza: ufficiale il divorzio tra Citt\u00e0 di Messina e Bellinvia"},"content":{"rendered":"<p style=\"text-align: justify\">La<strong> Ssd Citt\u00e0 di Messina<\/strong> ha reso nota ufficialmente l&#8217;interruzione &#8211; peraltro nell&#8217;aria gi\u00e0 da giorni &#8211; del rapporto con il tecnico della prima squadra <strong>Santino Bellinvia<\/strong>. Quest&#8217;ultimo, subentrato in corsa a Nello Basile, ha pilotato attraverso i play-off la formazione messinese al torneo calcistico regionale di <strong>Eccellenza<\/strong>. Per il trainer barcellonese ci sarebbero gi\u00e0 offerte dalla Serie D (Calabria). &#8220;<em>A mister Bellinvia <\/em>&#8211; dichiara il presidente Maurizio Lo Re &#8211; <em>auguriamo una carriera brillante e ricca di successi, le sue doti umane e professionali hanno contribuito in modo decisivo al raggiungimento degli obiettivi prefissati ad inizio stagione. Non posso che dirgli grazie per l&#8217;impegno, la costanza e la seriet\u00e0 con cui ha sposato il progetto Citt\u00e0 di Messina<\/em>&#8220;.<div id=\"div-gpt-ad-Messinaoggi.it-DSK-300x250-corpoart\" style=\"text-align:center;margin:0 auto;\"><\/div><\/p>\n<p style=\"text-align: justify\">Per il dopo-Bellinvia il Citt\u00e0 di Messina ha sondato la disponibilit\u00e0 di Peppe Furnari, vincitore &#8211; e con diversi turni di anticipo alla guida del Camaro (da cui non \u00e8 stato comunque riconfer<div id=\"videoincontent\" style=\"clear:both\";><\/div><\/p>\n<div id=\"attachment_2611\" style=\"width: 310px\" class=\"wp-caption alignleft\"><img aria-describedby=\"caption-attachment-2611\" loading=\"lazy\" class=\"size-medium wp-image-2611\" src=\"http:\/\/www.messinaoggi.it\/website\/wp-content\/uploads\/2017\/06\/Bellinvia-777x437-1-300x169.jpg\" alt=\"\" width=\"300\" height=\"169\" \/><p id=\"caption-attachment-2611\" class=\"wp-caption-text\">Il tecnico Santino Bellinvia<\/p><\/div>\n<p style=\"text-align: justify\">mato) dello stesso girone Di Promozione di cui faceva parte il sodalizio giallorosso. Ma nelle ultime ore secondo\u00a0&#8220;radiomercato&#8221;\u00a0sarebbero in ascesa\u00a0le quotazioni di Pasquale Ferrara (ex Citt\u00e0 di S.Agata) e Antonio Alacqua (ex di Due Torri e di numerose altre formazioni). Se ne dovrebbe sapere di pi\u00f9 nelle prossime ore.<\/p>\n","protected":false},"excerpt":{"rendered":"<p>La Ssd Citt\u00e0 di Messina ha reso nota ufficialmente l&#8217;interruzione &#8211; peraltro nell&#8217;aria gi\u00e0 da giorni &#8211; del rapporto con il tecnico della prima squadra Santino Bellinvia. Quest&#8217;ultimo, subentrato in corsa a Nello Basile, ha pilotato attraverso i play-off la formazione messinese al torneo calcistico regionale di Eccellenza. Per il trainer barcellonese ci sarebbero gi\u00e0 [&hellip;]<\/p>\n","protected":false},"author":9,"featured_media":2611,"comment_status":"closed","ping_status":"open","sticky":false,"template":"","format":"standard","meta":{"ub_ctt_via":"","_mi_skip_tracking":false},"categories":[10,9],"tags":[],"featured_image_src":"https:\/\/www.messinaoggi.it\/website\/wp-content\/uploads\/2017\/06\/Bellinvia-777x437-1-2.jpg","author_info":{"display_name":"Roberto Santoro","author_link":"https:\/\/www.messinaoggi.it\/website\/author\/r-santoro\/"},"digistream_id":0,"digistream":false,"_links":{"self":[{"href":"https:\/\/www.messinaoggi.it\/website\/wp-json\/wp\/v2\/posts\/2609"}],"collection":[{"href":"https:\/\/www.messinaoggi.it\/website\/wp-json\/wp\/v2\/posts"}],"about":[{"href":"https:\/\/www.messinaoggi.it\/website\/wp-json\/wp\/v2\/types\/post"}],"author":[{"embeddable":true,"href":"https:\/\/www.messinaoggi.it\/website\/wp-json\/wp\/v2\/users\/9"}],"replies":[{"embeddable":true,"href":"https:\/\/www.messinaoggi.it\/website\/wp-json\/wp\/v2\/comments?post=2609"}],"version-history":[{"count":0,"href":"https:\/\/www.messinaoggi.it\/website\/wp-json\/wp\/v2\/posts\/2609\/revisions"}],"wp:featuredmedia":[{"embeddable":true,"href":"https:\/\/www.messinaoggi.it\/website\/wp-json\/wp\/v2\/media\/2611"}],"wp:attachment":[{"href":"https:\/\/www.messinaoggi.it\/website\/wp-json\/wp\/v2\/media?parent=2609"}],"wp:term":[{"taxonomy":"category","embeddable":true,"href":"https:\/\/www.messinaoggi.it\/website\/wp-json\/wp\/v2\/categories?post=2609"},{"taxonomy":"post_tag","embeddable":true,"href":"https:\/\/www.messinaoggi.it\/website\/wp-json\/wp\/v2\/tags?post=2609"}],"curies":[{"name":"wp","href":"https:\/\/api.w.org\/{rel}","templated":true}]}}