{"id":260881,"date":"2026-02-09T11:02:13","date_gmt":"2026-02-09T10:02:13","guid":{"rendered":"http:\/\/www.messinaoggi.it\/website\/?p=260881"},"modified":"2026-02-09T11:02:20","modified_gmt":"2026-02-09T10:02:20","slug":"concluse-le-riprese-del-cortometraggio-dal-mio-diario-di-bordo-al-vostro","status":"publish","type":"post","link":"https:\/\/www.messinaoggi.it\/website\/2026\/02\/09\/concluse-le-riprese-del-cortometraggio-dal-mio-diario-di-bordo-al-vostro\/","title":{"rendered":"Concluse le riprese del cortometraggio &#8220;Dal mio diario di bordo al vostro&#8221;"},"content":{"rendered":"\n<p>Si sono concluse a Messina le riprese del cortometraggio <strong>\u201cDal mio diario di bordo al vostro\u201d<\/strong>, opera che affronta con autenticit\u00e0 e sensibilit\u00e0 il tema dell\u2019ansia, degli attacchi di panico e del disagio emotivo, trasformando la fragilit\u00e0 in un percorso di consapevolezza.<br>Il film, tratto da un soggetto originale e sceneggiato da <strong>Gabriele Celona<\/strong>, \u00e8 diretto da <strong>Marlis Andrea De Angelis <\/strong>e dallo stesso Celona ed \u00e8 prodotto dall\u2019associazione culturale no profit Art One Company, con il patrocinio della Fondazione Messina per la Cultura della Citt\u00e0 Metropolitana di Messina. Un progetto che nasce da un\u2019esperienza personale dell\u2019autore,<br>rielaborata attraverso il cinema come strumento di espressione, condivisione e dialogo.<br>La fase di scrittura, durata circa nove mesi, si \u00e8 arricchita grazie a una serie di interviste che hanno permesso di intrecciare vissuti diversi, dando voce a un disagio spesso sottovalutato. Ansia e panico vengono raccontati senza retorica, come condizioni complesse che richiedono ascolto, tempo e<br>supporto. Centrale \u00e8 anche la figura della psicologa, a sottolineare l\u2019importanza del percorso di cura e dell\u2019aiuto professionale.<br>La scelta del linguaggio cinematografico nasce dall\u2019esigenza di rendere visibile l\u2019invisibile: immagini e messa in scena consentono allo spettatore di entrare nella dimensione interiore dei personaggi, vivendo emotivamente ci\u00f2 che l\u2019ansia e il panico producono.<br>Il cortometraggio non propone una risoluzione definitiva, ma pone al centro l\u2019accettazione di una condizione e la volont\u00e0 di chiedere aiuto. Il messaggio \u00e8 chiaro: da soli si \u00e8 pi\u00f9 vulnerabili, mentre il confronto, l\u2019amicizia e il supporto degli altri possono diventare un ponte nelle difficolt\u00e0 della vita.<br>La troupe \u00e8 composta da professionisti provenienti da diverse aree d\u2019Italia, dalla Sicilia al Centro e Nord del Paese, riuniti in un lavoro corale e sostenuto a titolo gratuito. Di particolare rilievo la scenografia, realizzata interamente ad hoc, che riflette gli stati d\u2019animo del protagonista<br>trasformando spazi ordinari in ambienti emotivamente coinvolgenti.<br>Le riprese si sono svolte in alcune location emblematiche della citt\u00e0 di Messina, tra cui il punto panoramico di Cristo Re, il sotto ponte autostradale del viale Boccetta, oltre a set interni.<div id=\"div-gpt-ad-Messinaoggi.it-DSK-300x250-corpoart\" style=\"text-align:center;margin:0 auto;\"><\/div><\/p>\n<div id=\"videoincontent\" style=\"clear:both\";><\/div>","protected":false},"excerpt":{"rendered":"<p>Si sono concluse a Messina le riprese del cortometraggio \u201cDal mio diario di bordo al vostro\u201d, opera che affronta con autenticit\u00e0 e sensibilit\u00e0 il tema dell\u2019ansia, degli attacchi di panico e del disagio emotivo, trasformando la fragilit\u00e0 in un percorso di consapevolezza.Il film, tratto da un soggetto originale e sceneggiato da Gabriele Celona, \u00e8 diretto [&hellip;]<\/p>\n","protected":false},"author":2,"featured_media":260882,"comment_status":"open","ping_status":"open","sticky":false,"template":"","format":"standard","meta":{"ub_ctt_via":"","_mi_skip_tracking":false},"categories":[6],"tags":[8817,12779,12780],"featured_image_src":"https:\/\/www.messinaoggi.it\/website\/wp-content\/uploads\/2026\/02\/c4a67e40-c014-49c5-b5cb-721c7f43d605.jpg","author_info":{"display_name":"Redazione","author_link":"https:\/\/www.messinaoggi.it\/website\/author\/redazione\/"},"digistream_id":0,"digistream":false,"_links":{"self":[{"href":"https:\/\/www.messinaoggi.it\/website\/wp-json\/wp\/v2\/posts\/260881"}],"collection":[{"href":"https:\/\/www.messinaoggi.it\/website\/wp-json\/wp\/v2\/posts"}],"about":[{"href":"https:\/\/www.messinaoggi.it\/website\/wp-json\/wp\/v2\/types\/post"}],"author":[{"embeddable":true,"href":"https:\/\/www.messinaoggi.it\/website\/wp-json\/wp\/v2\/users\/2"}],"replies":[{"embeddable":true,"href":"https:\/\/www.messinaoggi.it\/website\/wp-json\/wp\/v2\/comments?post=260881"}],"version-history":[{"count":1,"href":"https:\/\/www.messinaoggi.it\/website\/wp-json\/wp\/v2\/posts\/260881\/revisions"}],"predecessor-version":[{"id":260883,"href":"https:\/\/www.messinaoggi.it\/website\/wp-json\/wp\/v2\/posts\/260881\/revisions\/260883"}],"wp:featuredmedia":[{"embeddable":true,"href":"https:\/\/www.messinaoggi.it\/website\/wp-json\/wp\/v2\/media\/260882"}],"wp:attachment":[{"href":"https:\/\/www.messinaoggi.it\/website\/wp-json\/wp\/v2\/media?parent=260881"}],"wp:term":[{"taxonomy":"category","embeddable":true,"href":"https:\/\/www.messinaoggi.it\/website\/wp-json\/wp\/v2\/categories?post=260881"},{"taxonomy":"post_tag","embeddable":true,"href":"https:\/\/www.messinaoggi.it\/website\/wp-json\/wp\/v2\/tags?post=260881"}],"curies":[{"name":"wp","href":"https:\/\/api.w.org\/{rel}","templated":true}]}}