{"id":260874,"date":"2026-02-09T10:08:11","date_gmt":"2026-02-09T09:08:11","guid":{"rendered":"https:\/\/www.messinaoggi.it\/website\/2026\/02\/09\/sicurezza-piantedosi-ce-chi-vuole-solo-il-caos-opposizione-collabori\/"},"modified":"2026-02-09T11:05:20","modified_gmt":"2026-02-09T10:05:20","slug":"sicurezza-piantedosi-ce-chi-vuole-solo-il-caos-opposizione-collabori","status":"publish","type":"post","link":"https:\/\/www.messinaoggi.it\/website\/2026\/02\/09\/sicurezza-piantedosi-ce-chi-vuole-solo-il-caos-opposizione-collabori\/","title":{"rendered":"Sicurezza, Piantedosi \u201cC\u2019\u00e8 chi vuole solo il caos. Opposizione collabori\u201d"},"content":{"rendered":"<div>ROMA (ITALPRESS) &#8211; &#8220;Evidentemente c&#8217;\u00e8 chi mira al caos generalizzato, una dinamica che abbiamo denunciato e che siamo preparati, impegnati e determinati a fronteggiare&#8221;. A parlare, in un&#8217;intervista al Corriere della Sera, \u00e8 il ministro dell&#8217;Interno Matteo Piantedosi, riguardo ai recenti scontri ai cortei e ai cavi ferroviari tranciati vicino Bologna. &#8220;Ho sottolineato in Parlamento &#8211; aggiunge &#8211; la gravit\u00e0 di questi comportamenti non senza rilevare che, purtroppo, c&#8217;\u00e8 chi cerca di minimizzarli. Con ci\u00f2 rischiando, anche involontariamente, di concedere un margine di giustificazione alla strategia che c&#8217;\u00e8 dietro&#8221;. Il paragone con gli anni di piombo? &#8220;Ogni comparazione deve essere equilibrata e improntata alla cautela. La storia non si ripropone quasi mai con le stesse sembianze e nulla ritorna dal passato in maniera identica. Il punto \u00e8 un altro: il movimento antagonista dichiara pubblicamente il suo obiettivo di stampo eversivo che persegue il sovvertimento del sistema democratico&#8221;. Sulle accuse dell&#8217;opposizione di fare solo propaganda, afferma: &#8220;Quanto \u00e8 accaduto a Torino e quello che \u00e8 successo in molte manifestazioni negli ultimi due anni, dovrebbe preoccupare chiunque abbia a cuore la legalit\u00e0 e la sicurezza come valori della nostra democrazia. Isolare e neutralizzare i professionisti della violenza dovrebbe essere obiettivo condiviso&#8221;.<br \/>-foto Ipa Agency-<br \/>(ITALPRESS).<\/div>\n<div id=\"div-gpt-ad-Messinaoggi.it-DSK-300x250-corpoart\" style=\"text-align:center;margin:0 auto;\"><\/div><\/p><div id=\"videoincontent\" style=\"clear:both\";><\/div>","protected":false},"excerpt":{"rendered":"<p>ROMA (ITALPRESS) &#8211; &#8220;Evidentemente c&#8217;\u00e8 chi mira al caos generalizzato, una dinamica che abbiamo denunciato e che siamo preparati, impegnati e determinati a fronteggiare&#8221;. A parlare, in un&#8217;intervista al Corriere della Sera, \u00e8 il ministro dell&#8217;Interno Matteo Piantedosi, riguardo ai recenti scontri ai cortei e ai cavi ferroviari tranciati vicino Bologna. &#8220;Ho sottolineato in Parlamento [&hellip;]<\/p>\n","protected":false},"author":18,"featured_media":260875,"comment_status":"closed","ping_status":"closed","sticky":false,"template":"","format":"standard","meta":{"ub_ctt_via":"","_mi_skip_tracking":false},"categories":[446,4],"tags":[783],"featured_image_src":"https:\/\/www.messinaoggi.it\/website\/wp-content\/uploads\/2026\/02\/20260209_0153.jpg","author_info":{"display_name":"Admin","author_link":"https:\/\/www.messinaoggi.it\/website\/author\/admin\/"},"digistream_id":0,"digistream":false,"_links":{"self":[{"href":"https:\/\/www.messinaoggi.it\/website\/wp-json\/wp\/v2\/posts\/260874"}],"collection":[{"href":"https:\/\/www.messinaoggi.it\/website\/wp-json\/wp\/v2\/posts"}],"about":[{"href":"https:\/\/www.messinaoggi.it\/website\/wp-json\/wp\/v2\/types\/post"}],"author":[{"embeddable":true,"href":"https:\/\/www.messinaoggi.it\/website\/wp-json\/wp\/v2\/users\/18"}],"replies":[{"embeddable":true,"href":"https:\/\/www.messinaoggi.it\/website\/wp-json\/wp\/v2\/comments?post=260874"}],"version-history":[{"count":1,"href":"https:\/\/www.messinaoggi.it\/website\/wp-json\/wp\/v2\/posts\/260874\/revisions"}],"predecessor-version":[{"id":260890,"href":"https:\/\/www.messinaoggi.it\/website\/wp-json\/wp\/v2\/posts\/260874\/revisions\/260890"}],"wp:featuredmedia":[{"embeddable":true,"href":"https:\/\/www.messinaoggi.it\/website\/wp-json\/wp\/v2\/media\/260875"}],"wp:attachment":[{"href":"https:\/\/www.messinaoggi.it\/website\/wp-json\/wp\/v2\/media?parent=260874"}],"wp:term":[{"taxonomy":"category","embeddable":true,"href":"https:\/\/www.messinaoggi.it\/website\/wp-json\/wp\/v2\/categories?post=260874"},{"taxonomy":"post_tag","embeddable":true,"href":"https:\/\/www.messinaoggi.it\/website\/wp-json\/wp\/v2\/tags?post=260874"}],"curies":[{"name":"wp","href":"https:\/\/api.w.org\/{rel}","templated":true}]}}