{"id":260690,"date":"2026-02-05T00:14:14","date_gmt":"2026-02-04T23:14:14","guid":{"rendered":"http:\/\/www.messinaoggi.it\/website\/?p=260690"},"modified":"2026-02-04T21:31:22","modified_gmt":"2026-02-04T20:31:22","slug":"puccio-il-maradona-con-ingaggio-da-180mila-euro-allanno","status":"publish","type":"post","link":"https:\/\/www.messinaoggi.it\/website\/2026\/02\/05\/puccio-il-maradona-con-ingaggio-da-180mila-euro-allanno\/","title":{"rendered":"Puccio, il &#8220;maradona&#8221; con ingaggio da 180mila euro all&#8217;anno"},"content":{"rendered":"\n<p><strong>Centottantamila euro all\u2019anno<\/strong> comprensivi di stipendio, tredicesima mensilit\u00e0, missioni e indennit\u00e0 varie. Tanto costa ai messinesi il <strong>direttore generale<\/strong> del Comune di Messina, <strong>Salvo Puccio<\/strong>. Nominato il 16 dicembre del 2022 dal sindaco <strong>Federico Basile<\/strong>, ricopre l\u2019incarico da oltre tre anni. Da settembre 2023 ad ottobre del 2024 ha ricoperto anche l\u2019incarico di direttore generale della <strong>Citt\u00e0 metropolitana di Messina<\/strong>, poi l\u2019incarico \u00e8 stato assunto da <strong>Pippo Campagna<\/strong> che, nel frattempo, aveva lasciato la presidenza dell\u2019<strong>ATM<\/strong> (mantenendo la guida di ASM Taormina fino a dicembre 2025). Poi, pare si sia dimesso.<div id=\"div-gpt-ad-Messinaoggi.it-DSK-300x250-corpoart\" style=\"text-align:center;margin:0 auto;\"><\/div><\/p>\n\n\n\n<p><strong>Salvo Puccio<\/strong> \u00e8 un uomo di fiducia di <strong>Cateno De Luca<\/strong>, lo definisce addirittura il \u201c<strong>Maradona<\/strong>\u201d della sua quadra e lo vorrebbe anche candidare a sindaco di <strong>Giardini Naxos<\/strong> in occasione delle amministrative del prossimo maggio.<div id=\"videoincontent\" style=\"clear:both\";><\/div><\/p>\n\n\n\n<p>E\u2019 il suggeritore dello \u201c<strong>Sciamano del Nisi<\/strong>\u201d soprattutto in tema di dissesto idrogeologico, avendo maturato una certa esperienza all\u2019assessorato regionale Territorio ed Ambiente, retto da <strong>Carmelo Lo Monte<\/strong>, sostenitore di <strong>De Luca<\/strong>.<\/p>\n\n\n\n<p><strong>Salvo Puccio<\/strong> fa il direttore generale, ma di fatto \u00e8 il sindaco \u201c<em>ombra<\/em>\u201d di Messina, visto che ogni decisione passa dalla sua volont\u00e0, previa consultazione del \u201cgrande capo\u201d.<\/p>\n\n\n\n<p>Il suo tempo lo divide fra Palazzo Zanca e le iniziative di partito: ieri addirittura sulla sua pagina Fb ha postato una foto in cui si <em>fregiava <\/em>di avere tenuto ben cinque riunioni con l\u2019altro fedelissimo di <strong>Cateno De Luca<\/strong>, ovvero il sindaco di <strong>Santa Teresa di Riva<\/strong>, <strong>Danilo Lo Giudice<\/strong>. Non \u00e8 dato sapere se le riunioni abbiano riguardato le sorti di Messina, citt\u00e0 per la quale formalmente lavora.<\/p>\n\n\n\n<p>Il costo annuo del direttore generale \u00e8 di quasi 180mila euro: parliamo di costo lordo: <strong>ovvero 500 euro circa al giorno<\/strong>. In quattro giorni lavorativi, senza dover \u201c<em>beggiare<\/em>\u201d costa al Comune quasi pi\u00f9 di un impiegato comunale.<\/p>\n\n\n\n<p>Una cifra <em>monstre<\/em>, in linea con le retribuzioni delle altre citt\u00e0 metropolitane. Il tema, comunque, non \u00e8 quanto guadagna ma cosa fa per guadagnare cos\u00ec tanto dal momento che parte del suo tempo lo trascorre al seguito del <em>lider maximo<\/em> <strong>Cateno De Luca<\/strong>. E soprattutto c\u2019\u00e8 da chiedersi che fine abbia fatto la tanto decantata <em>austerity <\/em>dello \u201c<strong>Sciamano del Nisi<\/strong>\u201d.<\/p>\n\n\n\n<p>In chiusura, occorre dire che <strong>Salvo Puccio<\/strong> \u00e8 certamente uno dei maggiori azionisti di \u201c<strong>Sud chiama Nord<\/strong>\u201d, essendo uno dei pi\u00f9 generosi donatori, rigorosamente volontari\u2026<\/p>\n\n\n\n<p><strong>D. Gamb.<\/strong><\/p>\n","protected":false},"excerpt":{"rendered":"<p>Centottantamila euro all\u2019anno comprensivi di stipendio, tredicesima mensilit\u00e0, missioni e indennit\u00e0 varie. Tanto costa ai messinesi il direttore generale del Comune di Messina, Salvo Puccio. Nominato il 16 dicembre del 2022 dal sindaco Federico Basile, ricopre l\u2019incarico da oltre tre anni. Da settembre 2023 ad ottobre del 2024 ha ricoperto anche l\u2019incarico di direttore generale [&hellip;]<\/p>\n","protected":false},"author":2,"featured_media":214419,"comment_status":"open","ping_status":"open","sticky":false,"template":"","format":"standard","meta":{"ub_ctt_via":"","_mi_skip_tracking":false},"categories":[19],"tags":[8815,5977],"featured_image_src":"https:\/\/www.messinaoggi.it\/website\/wp-content\/uploads\/2024\/10\/Puccio.jpg","author_info":{"display_name":"Redazione","author_link":"https:\/\/www.messinaoggi.it\/website\/author\/redazione\/"},"digistream_id":0,"digistream":false,"_links":{"self":[{"href":"https:\/\/www.messinaoggi.it\/website\/wp-json\/wp\/v2\/posts\/260690"}],"collection":[{"href":"https:\/\/www.messinaoggi.it\/website\/wp-json\/wp\/v2\/posts"}],"about":[{"href":"https:\/\/www.messinaoggi.it\/website\/wp-json\/wp\/v2\/types\/post"}],"author":[{"embeddable":true,"href":"https:\/\/www.messinaoggi.it\/website\/wp-json\/wp\/v2\/users\/2"}],"replies":[{"embeddable":true,"href":"https:\/\/www.messinaoggi.it\/website\/wp-json\/wp\/v2\/comments?post=260690"}],"version-history":[{"count":1,"href":"https:\/\/www.messinaoggi.it\/website\/wp-json\/wp\/v2\/posts\/260690\/revisions"}],"predecessor-version":[{"id":260691,"href":"https:\/\/www.messinaoggi.it\/website\/wp-json\/wp\/v2\/posts\/260690\/revisions\/260691"}],"wp:featuredmedia":[{"embeddable":true,"href":"https:\/\/www.messinaoggi.it\/website\/wp-json\/wp\/v2\/media\/214419"}],"wp:attachment":[{"href":"https:\/\/www.messinaoggi.it\/website\/wp-json\/wp\/v2\/media?parent=260690"}],"wp:term":[{"taxonomy":"category","embeddable":true,"href":"https:\/\/www.messinaoggi.it\/website\/wp-json\/wp\/v2\/categories?post=260690"},{"taxonomy":"post_tag","embeddable":true,"href":"https:\/\/www.messinaoggi.it\/website\/wp-json\/wp\/v2\/tags?post=260690"}],"curies":[{"name":"wp","href":"https:\/\/api.w.org\/{rel}","templated":true}]}}