{"id":260610,"date":"2026-02-04T10:23:38","date_gmt":"2026-02-04T09:23:38","guid":{"rendered":"http:\/\/www.messinaoggi.it\/website\/?p=260610"},"modified":"2026-02-04T10:35:09","modified_gmt":"2026-02-04T09:35:09","slug":"le-masse-si-schianta-albero-pronto-esposto-alla-procura","status":"publish","type":"post","link":"https:\/\/www.messinaoggi.it\/website\/2026\/02\/04\/le-masse-si-schianta-albero-pronto-esposto-alla-procura\/","title":{"rendered":"Le Masse, si schianta albero: pronto esposto alla Procura"},"content":{"rendered":"\n<p>La misura adesso \u00e8 colma. Stamattina un nuovo schianto di un albero lungo la Provinciale che conduce ai borghi collinari. L&#8217;ennesima disgrazia sfiorata dopo la frana che ha inghiottito l&#8217;automobile di un cittadino, rimasto ferito in maniera seria.<div id=\"div-gpt-ad-Messinaoggi.it-DSK-300x250-corpoart\" style=\"text-align:center;margin:0 auto;\"><\/div><\/p>\n\n\n\n<p>Oggi, Francesco Berenato, responsabile del Comitato cittadino nato dopo la frana di inizio gennaio, ha lanciato l&#8217;ennesimo allarme, annunciando un esposto alla Procura della Repubblica.<div id=\"videoincontent\" style=\"clear:both\";><\/div><\/p>\n\n\n\n<p>Lo schianto \u00e8 avvenuto probabilmente nella notte e questo ha evitato che potessero esserci conseguenze per gli automobilisti in transito, ma la rabbia monta in un centro collinare che si sente abbandonato della Istituzioni. Solo interventi-spot &#8211; denunciano i residenti &#8211; da parte di chi dovrebbe preservare la salute dei cittadini.<\/p>\n\n\n\n<p>L&#8217;esposto \u00e8 praticamente pronto e probabilmente in giornata verr\u00e0 depositato alla Procura della Repubblica. L&#8217;ennesimo schianto di un albero \u00e8 stata la goccia che ha fatto traboccare, come si dice, il vaso della &#8220;pazienza&#8221;. La gente del posto teme per la propria incolumit\u00e0 e denuncia da anni una situazione di assoluta gravit\u00e0.<\/p>\n","protected":false},"excerpt":{"rendered":"<p>La misura adesso \u00e8 colma. Stamattina un nuovo schianto di un albero lungo la Provinciale che conduce ai borghi collinari. L&#8217;ennesima disgrazia sfiorata dopo la frana che ha inghiottito l&#8217;automobile di un cittadino, rimasto ferito in maniera seria. Oggi, Francesco Berenato, responsabile del Comitato cittadino nato dopo la frana di inizio gennaio, ha lanciato l&#8217;ennesimo [&hellip;]<\/p>\n","protected":false},"author":2,"featured_media":260611,"comment_status":"open","ping_status":"open","sticky":false,"template":"","format":"standard","meta":{"ub_ctt_via":"","_mi_skip_tracking":false},"categories":[19],"tags":[7499,12602,12217],"featured_image_src":"https:\/\/www.messinaoggi.it\/website\/wp-content\/uploads\/2026\/02\/627473445_10234710509042011_3965342964094547029_n.jpg","author_info":{"display_name":"Redazione","author_link":"https:\/\/www.messinaoggi.it\/website\/author\/redazione\/"},"digistream_id":0,"digistream":false,"_links":{"self":[{"href":"https:\/\/www.messinaoggi.it\/website\/wp-json\/wp\/v2\/posts\/260610"}],"collection":[{"href":"https:\/\/www.messinaoggi.it\/website\/wp-json\/wp\/v2\/posts"}],"about":[{"href":"https:\/\/www.messinaoggi.it\/website\/wp-json\/wp\/v2\/types\/post"}],"author":[{"embeddable":true,"href":"https:\/\/www.messinaoggi.it\/website\/wp-json\/wp\/v2\/users\/2"}],"replies":[{"embeddable":true,"href":"https:\/\/www.messinaoggi.it\/website\/wp-json\/wp\/v2\/comments?post=260610"}],"version-history":[{"count":1,"href":"https:\/\/www.messinaoggi.it\/website\/wp-json\/wp\/v2\/posts\/260610\/revisions"}],"predecessor-version":[{"id":260612,"href":"https:\/\/www.messinaoggi.it\/website\/wp-json\/wp\/v2\/posts\/260610\/revisions\/260612"}],"wp:featuredmedia":[{"embeddable":true,"href":"https:\/\/www.messinaoggi.it\/website\/wp-json\/wp\/v2\/media\/260611"}],"wp:attachment":[{"href":"https:\/\/www.messinaoggi.it\/website\/wp-json\/wp\/v2\/media?parent=260610"}],"wp:term":[{"taxonomy":"category","embeddable":true,"href":"https:\/\/www.messinaoggi.it\/website\/wp-json\/wp\/v2\/categories?post=260610"},{"taxonomy":"post_tag","embeddable":true,"href":"https:\/\/www.messinaoggi.it\/website\/wp-json\/wp\/v2\/tags?post=260610"}],"curies":[{"name":"wp","href":"https:\/\/api.w.org\/{rel}","templated":true}]}}