{"id":260553,"date":"2026-02-03T09:42:49","date_gmt":"2026-02-03T08:42:49","guid":{"rendered":"http:\/\/www.messinaoggi.it\/website\/?p=260553"},"modified":"2026-02-03T09:42:51","modified_gmt":"2026-02-03T08:42:51","slug":"viabilita-i-divieti-istituiti-in-centro","status":"publish","type":"post","link":"https:\/\/www.messinaoggi.it\/website\/2026\/02\/03\/viabilita-i-divieti-istituiti-in-centro\/","title":{"rendered":"Viabilit\u00e0, i divieti istituiti in centro"},"content":{"rendered":"\n<p>Istituito, in via sperimentale, sul lato nord di via Ettore Lombardo Pellegrino, nel tratto compreso tra via Giordano Bruno e viale San Martino, uno stallo di sosta riservato ai veicoli al servizio delle donne in stato di gravidanza o di genitori con un bambino di et\u00e0 non superiore a due anni (stallo rosa). Provvedimento adottato per potenziare gli stalli di sosta di diretto utilizzo delle fasce pi\u00f9 deboli.<div id=\"div-gpt-ad-Messinaoggi.it-DSK-300x250-corpoart\" style=\"text-align:center;margin:0 auto;\"><\/div><\/p>\n\n\n\n<p><strong>Tratto Ponte Mella, senso unico alternato mediante impianto semaforico.<\/strong><div id=\"videoincontent\" style=\"clear:both\";><\/div><\/p>\n\n\n\n<p>L\u2019ANAS ha disposto il senso unico alternato, regolamentato da impianto semaforico, nel tratto di strada compreso tra il km 26+900 e il km 27+100, in direzione Messina-Palermo e viceversa, a decorrere dallo scorso 30 gennaio sino al 30\/05\/2026. La parzializzazione del tratto di strada interesser\u00e0 tutti gli utenti. Il senso di marcia sar\u00e0 consentito a tutti i veicoli con massa inferiore alle 3,5 tonnellate (a pieno carico). Il provvedimento \u00e8 stato adottato per attivit\u00e0 preliminari necessarie ai lavori di restauro statico conservativo del Ponte Mella.<\/p>\n","protected":false},"excerpt":{"rendered":"<p>Istituito, in via sperimentale, sul lato nord di via Ettore Lombardo Pellegrino, nel tratto compreso tra via Giordano Bruno e viale San Martino, uno stallo di sosta riservato ai veicoli al servizio delle donne in stato di gravidanza o di genitori con un bambino di et\u00e0 non superiore a due anni (stallo rosa). Provvedimento adottato [&hellip;]<\/p>\n","protected":false},"author":2,"featured_media":209371,"comment_status":"open","ping_status":"open","sticky":false,"template":"","format":"standard","meta":{"ub_ctt_via":"","_mi_skip_tracking":false},"categories":[5],"tags":[684,1872,153],"featured_image_src":"https:\/\/www.messinaoggi.it\/website\/wp-content\/uploads\/2024\/08\/viabilita-cartelli.png","author_info":{"display_name":"Redazione","author_link":"https:\/\/www.messinaoggi.it\/website\/author\/redazione\/"},"digistream_id":0,"digistream":false,"_links":{"self":[{"href":"https:\/\/www.messinaoggi.it\/website\/wp-json\/wp\/v2\/posts\/260553"}],"collection":[{"href":"https:\/\/www.messinaoggi.it\/website\/wp-json\/wp\/v2\/posts"}],"about":[{"href":"https:\/\/www.messinaoggi.it\/website\/wp-json\/wp\/v2\/types\/post"}],"author":[{"embeddable":true,"href":"https:\/\/www.messinaoggi.it\/website\/wp-json\/wp\/v2\/users\/2"}],"replies":[{"embeddable":true,"href":"https:\/\/www.messinaoggi.it\/website\/wp-json\/wp\/v2\/comments?post=260553"}],"version-history":[{"count":1,"href":"https:\/\/www.messinaoggi.it\/website\/wp-json\/wp\/v2\/posts\/260553\/revisions"}],"predecessor-version":[{"id":260554,"href":"https:\/\/www.messinaoggi.it\/website\/wp-json\/wp\/v2\/posts\/260553\/revisions\/260554"}],"wp:featuredmedia":[{"embeddable":true,"href":"https:\/\/www.messinaoggi.it\/website\/wp-json\/wp\/v2\/media\/209371"}],"wp:attachment":[{"href":"https:\/\/www.messinaoggi.it\/website\/wp-json\/wp\/v2\/media?parent=260553"}],"wp:term":[{"taxonomy":"category","embeddable":true,"href":"https:\/\/www.messinaoggi.it\/website\/wp-json\/wp\/v2\/categories?post=260553"},{"taxonomy":"post_tag","embeddable":true,"href":"https:\/\/www.messinaoggi.it\/website\/wp-json\/wp\/v2\/tags?post=260553"}],"curies":[{"name":"wp","href":"https:\/\/api.w.org\/{rel}","templated":true}]}}