{"id":260324,"date":"2026-01-30T13:57:11","date_gmt":"2026-01-30T12:57:11","guid":{"rendered":"http:\/\/www.messinaoggi.it\/website\/?p=260324"},"modified":"2026-01-31T11:15:17","modified_gmt":"2026-01-31T10:15:17","slug":"la-statua-nike-va-salvaguardata-polemica-inutile-di-puccio","status":"publish","type":"post","link":"https:\/\/www.messinaoggi.it\/website\/2026\/01\/30\/la-statua-nike-va-salvaguardata-polemica-inutile-di-puccio\/","title":{"rendered":"La statua Nike va salvaguardata, polemica inutile di Puccio"},"content":{"rendered":"\n<p>La vecchia amministrazione, adesso sostituita dal commussario, non ci sta alle accuse mosse da Sud chiama Nord ed in particolare da Salvo Puccio, in aria di candidatura a sindaco nella cittaadina naxiota. &#8220;La salvaguardia e la messa in sicurezza della Nike &#8211; si legge in una nota diffusa dall&#8217;ex assessore Ferdinando Croce &#8211; \u00e9 innanzitutto un atto di responsabilit\u00e0. Alcuni tecnici specializzati ci hanno segnalato che il monumento \u00e8 ancora adesso a rischio di crollo e occorre intervenire al pi\u00f9 presto. Pensiamo per un momento a cosa accadrebbe se la statua crollasse oggi o nelle prossime settimane, dopo l\u2019esultanza di tutti per essere rimasta in piedi e la straordinaria pubblicit\u00e0 che il monumento ha ricevuto;<div id=\"div-gpt-ad-Messinaoggi.it-DSK-300x250-corpoart\" style=\"text-align:center;margin:0 auto;\"><\/div><\/p>\n\n\n\n<p>2) l\u2019immagine della statua ha fatto letteralmente il giro del mondo e ridato, per qualche giorno, sana popolarit\u00e0 al nostro territorio. Tenuto conto dei rischi di crollo dell\u2019indotto nella stagione estiva a Giardini, abbiamo ritenuto che potrebbe essere questo uno dei pochi capisaldi per \u201ctenere botta\u201d e ripartire a livello economico e turistico;<div id=\"videoincontent\" style=\"clear:both\";><\/div><\/p>\n\n\n\n<p>3) il capitolo su cui insistono i famigerati 10 mila euro (una somma peraltro irrisoria rispetto all\u2019entit\u00e0 enorme del disastro che si dovr\u00e0 fronteggiare) \u00e9 quello dell\u2019imposta di soggiorno e, quindi, \u00e8 specificamente vincolato per finalit\u00e0 come queste e, al contrario, infungibile per altre attivit\u00e0. La delibera peraltro dice espressamente che si tratta di \u201cprimissimi\u201d interventi;<\/p>\n\n\n\n<p>4) il Comune ha tempestivamente gi\u00e0 posto in essere tutti gli accorgimenti e le priorit\u00e0 dell\u2019emergenza!<br>In particolare, ha:<\/p>\n\n\n\n<p>-affidato somme urgenze a circa 15 operatori economici anticipando, con risorse di bilancio, 500 mila euro;<\/p>\n\n\n\n<p>-disposto le attivit\u00e0 di \u201cgeoradar\u201d (primo Comune del territorio ionico a farlo) per verificare i rischi \u201cinvisibili\u201d del manto stradale del lungomare, che infatti ha gi\u00e0 riaperto integralmente al transito;<\/p>\n\n\n\n<p>-richiesto al Governo nazionale e regionale, con delibera di Giunta addirittura del 21 gennaio, primo anche in questo caso tra tutti i Comuni, la dichiarazione di stato di calamit\u00e0 naturale;<\/p>\n\n\n\n<p>-approvato una perizia celermente redatta dall\u2019arch. La Maestra che quantifica in 5 milioni di Euro i primi danni arrecati alle sole opere pubbliche e, sommariamente, altrettanti alle strutture private;<\/p>\n\n\n\n<p>-costituito un gruppo di lavoro di 5 professionisti esterni giardinesi con il compito di provvedere alla miglior ricognizione dei danni e, ieri, il commissario se n\u2019\u00e8 gi\u00e0 avvalso convocandoli;<\/p>\n\n\n\n<p>-istituito un indirizzo pec \u201cdedicato\u201d per iniziare a ricevere le segnalazioni di danno (<a href=\"javascript:window.mailto({mailto:'emergenzaciclonenaxos%40pec.it', subject: ''})\">emergenzaciclonenaxos@pec.it<\/a>) da parte dei privati in vista della pubblicazione dell\u2019avviso sui ristori da parte della Regione;<\/p>\n\n\n\n<p>5) non \u00e8 vero che non si potr\u00e0 richiedere alla Regione la restituzione anche di queste poche somme, perch\u00e9 l\u2019arch. La Maestra ha espressamente inserito nella sua perizia i danni alla piazzetta-belvedere della Nike e, quindi, ogni attivit\u00e0 che sar\u00e0 svolta \u00e8 comunque inclusa anche nel totale dell\u2019emergenza.<\/p>\n\n\n\n<p>Ci\u00f2 detto, il tentativo di \u201cbenaltrismo\u201d di alcuni \u00e9 solo la speculazione elettorale di chi non regge pi\u00f9 l\u2019attivismo di questa Giunta che, peraltro, ha ormai serenamente terminato il proprio mandato dopo aver responsabilmente accettato di gestire persino l\u2019emergenza ciclone. Non si fa campagna elettorale sull\u2019emergenza!<\/p>\n\n\n\n<p>Sar\u00e0 un problema adesso per queste persone trovare nuovi argomenti \u201cdi merito\u201d, ora che non ci sar\u00e0 pi\u00f9 il bersaglio degli Assessori uscenti. Non certo il nostro, che a maggior ragione ora che non abbiamo pi\u00f9 il gravoso peso dell\u2019amministrazione potremo denunciare pubblicamente ci\u00f2 che abbiamo trovato e raccontare ancora meglio quanto di buono abbiamo fin qui fatto.<\/p>\n\n\n\n<p>Sul fatto poi che ci si ostini inspiegabilmente &#8211; con un mix di ignoranza e mala fede &#8211; a dire che gli Assessori fossero decaduti e non vi fosse pi\u00f9 una Giunta, nonostante gli sforzi sovrumani profusi in questi giorni da ognuno di noi, saranno altre sedi a occuparsene, basta leggere l\u2019Articolo 12, comma 11 della Legge regionale Sicilia n. 7 del 26 agosto 1992: \u201cLa cessazione dalla carica del sindaco, per qualsiasi motivo, comporta la cessazione dalla carica dell&#8217;intera giunta. *Sino all&#8217;insediamento del commissario straordinario*, *il vice sindaco e la giunta* esercitano le attribuzioni indifferibili di competenza del sindaco e della giunta\u201d.<\/p>\n\n\n\n<p>In fin dei conti ci siamo limitati, come nostro ultimo atto, se vogliamo anche romantico e di gratitudine verso la comunit\u00e0, a recepire un sentimento fortissimo che proviene proprio dai giardinesi, quello di tutelare la Nike.<\/p>\n","protected":false},"excerpt":{"rendered":"<p>La vecchia amministrazione, adesso sostituita dal commussario, non ci sta alle accuse mosse da Sud chiama Nord ed in particolare da Salvo Puccio, in aria di candidatura a sindaco nella cittaadina naxiota. &#8220;La salvaguardia e la messa in sicurezza della Nike &#8211; si legge in una nota diffusa dall&#8217;ex assessore Ferdinando Croce &#8211; \u00e9 innanzitutto [&hellip;]<\/p>\n","protected":false},"author":2,"featured_media":260325,"comment_status":"open","ping_status":"open","sticky":false,"template":"","format":"standard","meta":{"ub_ctt_via":"","_mi_skip_tracking":false},"categories":[13,15,6],"tags":[9028,3942,5977,12726],"featured_image_src":"https:\/\/www.messinaoggi.it\/website\/wp-content\/uploads\/2026\/01\/ad64a198-6433-4106-998b-13c81ece2bea.jpg","author_info":{"display_name":"Redazione","author_link":"https:\/\/www.messinaoggi.it\/website\/author\/redazione\/"},"digistream_id":0,"digistream":false,"_links":{"self":[{"href":"https:\/\/www.messinaoggi.it\/website\/wp-json\/wp\/v2\/posts\/260324"}],"collection":[{"href":"https:\/\/www.messinaoggi.it\/website\/wp-json\/wp\/v2\/posts"}],"about":[{"href":"https:\/\/www.messinaoggi.it\/website\/wp-json\/wp\/v2\/types\/post"}],"author":[{"embeddable":true,"href":"https:\/\/www.messinaoggi.it\/website\/wp-json\/wp\/v2\/users\/2"}],"replies":[{"embeddable":true,"href":"https:\/\/www.messinaoggi.it\/website\/wp-json\/wp\/v2\/comments?post=260324"}],"version-history":[{"count":1,"href":"https:\/\/www.messinaoggi.it\/website\/wp-json\/wp\/v2\/posts\/260324\/revisions"}],"predecessor-version":[{"id":260326,"href":"https:\/\/www.messinaoggi.it\/website\/wp-json\/wp\/v2\/posts\/260324\/revisions\/260326"}],"wp:featuredmedia":[{"embeddable":true,"href":"https:\/\/www.messinaoggi.it\/website\/wp-json\/wp\/v2\/media\/260325"}],"wp:attachment":[{"href":"https:\/\/www.messinaoggi.it\/website\/wp-json\/wp\/v2\/media?parent=260324"}],"wp:term":[{"taxonomy":"category","embeddable":true,"href":"https:\/\/www.messinaoggi.it\/website\/wp-json\/wp\/v2\/categories?post=260324"},{"taxonomy":"post_tag","embeddable":true,"href":"https:\/\/www.messinaoggi.it\/website\/wp-json\/wp\/v2\/tags?post=260324"}],"curies":[{"name":"wp","href":"https:\/\/api.w.org\/{rel}","templated":true}]}}