{"id":260259,"date":"2026-01-30T06:56:29","date_gmt":"2026-01-30T05:56:29","guid":{"rendered":"http:\/\/www.messinaoggi.it\/website\/?p=260259"},"modified":"2026-01-30T08:54:59","modified_gmt":"2026-01-30T07:54:59","slug":"danni-ciclone-harry-il-ministro-salvini-nel-messinese","status":"publish","type":"post","link":"https:\/\/www.messinaoggi.it\/website\/2026\/01\/30\/danni-ciclone-harry-il-ministro-salvini-nel-messinese\/","title":{"rendered":"Danni ciclone Harry, il ministro Salvini nel Messinese"},"content":{"rendered":"\n<p>&#8220;L&#8217;attenzione del governo nazionale sui disastri del ciclone Harry \u00e8 altissima. Oggi sar\u00e0 proprio il vicepremier Matteo Salvini, da ministro delle Infrastrutture, a visitare i luoghi colpiti dalla mareggiata. Salvini incontrer\u00e0 i sindaci ma soprattutto la gente e gli imprenditori che hanno subito danni pesanti. L&#8217;obiettivo \u00e8 quello \u00a0di capire da vicino quali sono gli interventi necessari per la ricostruzione dei territori colpiti e dare cos\u00ec risposte immediate, anche in termini finanziari. Capisco il nervosismo delle opposizioni, ormai aggrappate a slogan vuoti sui fondi Fsc per il Ponte nello Stretto, ma la realt\u00e0 per chi svolge funzioni di governo \u00e8 il solo parametro sui cui fondare la propria azione. Del resto i fondi Fsc sono appostati per le spese in conto capitale, mentre per le emergenze si agisce con la dotazione per le spese corrente. La Sicilia ricever\u00e0 tutto quello che \u00e8 necessario e la Lega \u00e8 in prima linea per spingere sull&#8217;acceleratore. Con noi le chiacchiere stanno a zero\u201d. <div id=\"div-gpt-ad-Messinaoggi.it-DSK-300x250-corpoart\" style=\"text-align:center;margin:0 auto;\"><\/div><\/p>\n\n\n\n<p>Lo afferma il senatore Nino German\u00e0, segretario della Lega in Sicilia.<div id=\"videoincontent\" style=\"clear:both\";><\/div><\/p>\n","protected":false},"excerpt":{"rendered":"<p>&#8220;L&#8217;attenzione del governo nazionale sui disastri del ciclone Harry \u00e8 altissima. Oggi sar\u00e0 proprio il vicepremier Matteo Salvini, da ministro delle Infrastrutture, a visitare i luoghi colpiti dalla mareggiata. Salvini incontrer\u00e0 i sindaci ma soprattutto la gente e gli imprenditori che hanno subito danni pesanti. L&#8217;obiettivo \u00e8 quello \u00a0di capire da vicino quali sono gli [&hellip;]<\/p>\n","protected":false},"author":2,"featured_media":158357,"comment_status":"open","ping_status":"open","sticky":false,"template":"","format":"standard","meta":{"ub_ctt_via":"","_mi_skip_tracking":false},"categories":[19],"tags":[12539,11196,1035,1082],"featured_image_src":"https:\/\/www.messinaoggi.it\/website\/wp-content\/uploads\/2023\/06\/0-2.jpg","author_info":{"display_name":"Redazione","author_link":"https:\/\/www.messinaoggi.it\/website\/author\/redazione\/"},"digistream_id":0,"digistream":false,"_links":{"self":[{"href":"https:\/\/www.messinaoggi.it\/website\/wp-json\/wp\/v2\/posts\/260259"}],"collection":[{"href":"https:\/\/www.messinaoggi.it\/website\/wp-json\/wp\/v2\/posts"}],"about":[{"href":"https:\/\/www.messinaoggi.it\/website\/wp-json\/wp\/v2\/types\/post"}],"author":[{"embeddable":true,"href":"https:\/\/www.messinaoggi.it\/website\/wp-json\/wp\/v2\/users\/2"}],"replies":[{"embeddable":true,"href":"https:\/\/www.messinaoggi.it\/website\/wp-json\/wp\/v2\/comments?post=260259"}],"version-history":[{"count":2,"href":"https:\/\/www.messinaoggi.it\/website\/wp-json\/wp\/v2\/posts\/260259\/revisions"}],"predecessor-version":[{"id":260285,"href":"https:\/\/www.messinaoggi.it\/website\/wp-json\/wp\/v2\/posts\/260259\/revisions\/260285"}],"wp:featuredmedia":[{"embeddable":true,"href":"https:\/\/www.messinaoggi.it\/website\/wp-json\/wp\/v2\/media\/158357"}],"wp:attachment":[{"href":"https:\/\/www.messinaoggi.it\/website\/wp-json\/wp\/v2\/media?parent=260259"}],"wp:term":[{"taxonomy":"category","embeddable":true,"href":"https:\/\/www.messinaoggi.it\/website\/wp-json\/wp\/v2\/categories?post=260259"},{"taxonomy":"post_tag","embeddable":true,"href":"https:\/\/www.messinaoggi.it\/website\/wp-json\/wp\/v2\/tags?post=260259"}],"curies":[{"name":"wp","href":"https:\/\/api.w.org\/{rel}","templated":true}]}}