{"id":26016,"date":"2018-10-27T10:07:01","date_gmt":"2018-10-27T08:07:01","guid":{"rendered":"http:\/\/www.messinaoggi.it\/website\/?p=26016"},"modified":"2018-10-27T10:07:01","modified_gmt":"2018-10-27T08:07:01","slug":"atm-si-apre-la-faida-sindacale-filt-cgil-e-uiltrasporti-agli-autonomi-non-sparate-nel-mucchio","status":"publish","type":"post","link":"https:\/\/www.messinaoggi.it\/website\/2018\/10\/27\/atm-si-apre-la-faida-sindacale-filt-cgil-e-uiltrasporti-agli-autonomi-non-sparate-nel-mucchio\/","title":{"rendered":"Atm, si apre la &quot;faida&quot; sindacale. Filt Cgil e Uiltrasporti agli autonomi: &quot;Non sparate nel mucchio&quot;"},"content":{"rendered":"<p style=\"text-align: justify;\">Lo scontro in Atm si sposta anche sul fronte sindacale. Cgil e Uil fanno blocco e respingono le accuse dei sindacati autonomi. Ieri sera sono partire bordate da parte di Mariano Massaro dell&#8217;Or.Sa. La replica oggi non s&#8217;\u00e8 fatta attendere.<div id=\"div-gpt-ad-Messinaoggi.it-DSK-300x250-corpoart\" style=\"text-align:center;margin:0 auto;\"><\/div><\/p>\n<p class=\"p1\" style=\"text-align: justify;\"><span class=\"s1\">&#8220;Filt Cgil e Uiltrasporti &#8211; si legge in una nota congiunta &#8211; invitano i sindacati autonomi a non sparare nel mucchio ma a fare nomi e sigle sindacali precise perch\u00e9 \u00e8 vero, alla luce dei fatti di queste settimane, e lo rimarchiamo senza timore di smentita, che con il nuovo Cda dell&#8217;era De Luca &#8220;nelle poltrone che contano in Atm \u00e8 stato confermato il potentato politico-sindacale&#8221; ma sono rimasti quelli che c&#8217;erano prima e non di certo Cgil o Uil . Riprendiamo esattamente l\u2019espressione utilizzata dagli autonomi in queste ore per dire che in barba al rinnovamento e al cambiamento sbandierato da questa amministrazione comunale, all\u2019Atm nei posti che contano non \u00e8 cambiato nulla perch\u00e9 evidentemente la firma del Salva Messina \u00e8 stato funzionale ad ottenere un salvacondotto sindacale che garantisca la sopravvivenza di un \u00a0sistema che permetta la co-gestione dell&#8217;azienda ai soliti noti .<\/span><div id=\"videoincontent\" style=\"clear:both\";><\/div><\/p>\n<p class=\"p1\" style=\"text-align: justify;\"><span class=\"s1\">Un sistema che non riguarda \u00a0ne&#8217; la Cgil n\u00e8 la Uil \u00a0che nettamente , a differenza di altre sigle, hanno le mani libere per opporsi alla macelleria sociale sulla pelle dei lavoratori Atm e invitano tutti i dipendenti, anche iscritti alle altre sigle, a partecipare alla grande assemblea del <\/span><span class=\"s2\">31 ottobre<\/span><span class=\"s1\"> presso palazzo Zanca .\u00a0<\/span><\/p>\n<p class=\"p1\" style=\"text-align: justify;\"><span class=\"s1\">I segretari della Filt Cgil e della Uiltrasporti, Carmelo Garufi e Michele Barresi, vogliono sottolineare che la gestione del potere e delle tessere, come \u00e8 facile verificare controllando uno per uno chi deteneva ieri come oggi tutti i posti nevralgici dell&#8217;Atm , non apparteneva alla Cgil o alla Uil prima \u00a0cos\u00ec come non gli appartiene oggi. Il sistema di accentramento gestionale\/sindacale che vede nelle mani di pochi eletti doppi e tripli incarichi nei posti cruciali dell&#8217;azienda, gestiti per anni in barba persino ai principi di rotazione dettati dall\u2019Anac, l\u2019Autorit\u00e0 Nazionale Anticorruzione, viene di fatto consolidato per garantire \u00a0la pace sociale, o cos\u00ec si crede, al nuovo corso Campagna \u2013 De Luca. Si sono gi\u00e0 registrati provvedimenti scomposti, insensati e illegittimi, che abbiamo denunciato, mirati a colpire delegati sindacali di Cgil e Uil, personale operativo, non direttivo, \u00a0spostato da un incarico all&#8217;altro senza effettivo giovamento per l\u2019azienda e senza motivo alcuno, se non con mire punitive. Lo stesso non vale per quei sindacati che invece si prestano in questi giorni a condividere con la nuova amministrazione percorsi politici di liquidazione, tagli ed esuberi nelle partecipate.<\/span><\/p>\n<p class=\"p1\" style=\"text-align: justify;\"><span class=\"s1\">Filt Cgil e Uiltrasporti rilanciano quindi l\u2019ultima presa di posizione degli autonomi su Atm e su quel cambiamento tanto sbandierato ma a conti fatti inestistente se si guarda ai ruoli che contano. Per\u00f2 \u00e8 giusto dire le cose come stanno, individuare e circoscrivere fatti e persone e non fare, come sempre, di tutta l\u2019erba un fascio. Al sindaco De Luca che declama trasparenza e legalit\u00e0 nelle partecipate e che ama i blitz e i dossier consigliamo di valutare meglio \u00a0le controparti sindacali che si sceglie e ci\u00f3 che accade nelle stanze dei bottoni dell&#8217;azienda di via La Farina&#8221;.<\/span><\/p>\n","protected":false},"excerpt":{"rendered":"<p>Lo scontro in Atm si sposta anche sul fronte sindacale. Cgil e Uil fanno blocco e respingono le accuse dei sindacati autonomi. Ieri sera sono partire bordate da parte di Mariano Massaro dell&#8217;Or.Sa. La replica oggi non s&#8217;\u00e8 fatta attendere. &#8220;Filt Cgil e Uiltrasporti &#8211; si legge in una nota congiunta &#8211; invitano i sindacati [&hellip;]<\/p>\n","protected":false},"author":2,"featured_media":5141,"comment_status":"closed","ping_status":"open","sticky":false,"template":"","format":"standard","meta":{"ub_ctt_via":"","_mi_skip_tracking":false},"categories":[5],"tags":[],"featured_image_src":"https:\/\/www.messinaoggi.it\/website\/wp-content\/uploads\/2017\/07\/bus-atm-2.jpg","author_info":{"display_name":"Redazione","author_link":"https:\/\/www.messinaoggi.it\/website\/author\/redazione\/"},"digistream_id":0,"digistream":false,"_links":{"self":[{"href":"https:\/\/www.messinaoggi.it\/website\/wp-json\/wp\/v2\/posts\/26016"}],"collection":[{"href":"https:\/\/www.messinaoggi.it\/website\/wp-json\/wp\/v2\/posts"}],"about":[{"href":"https:\/\/www.messinaoggi.it\/website\/wp-json\/wp\/v2\/types\/post"}],"author":[{"embeddable":true,"href":"https:\/\/www.messinaoggi.it\/website\/wp-json\/wp\/v2\/users\/2"}],"replies":[{"embeddable":true,"href":"https:\/\/www.messinaoggi.it\/website\/wp-json\/wp\/v2\/comments?post=26016"}],"version-history":[{"count":0,"href":"https:\/\/www.messinaoggi.it\/website\/wp-json\/wp\/v2\/posts\/26016\/revisions"}],"wp:featuredmedia":[{"embeddable":true,"href":"https:\/\/www.messinaoggi.it\/website\/wp-json\/wp\/v2\/media\/5141"}],"wp:attachment":[{"href":"https:\/\/www.messinaoggi.it\/website\/wp-json\/wp\/v2\/media?parent=26016"}],"wp:term":[{"taxonomy":"category","embeddable":true,"href":"https:\/\/www.messinaoggi.it\/website\/wp-json\/wp\/v2\/categories?post=26016"},{"taxonomy":"post_tag","embeddable":true,"href":"https:\/\/www.messinaoggi.it\/website\/wp-json\/wp\/v2\/tags?post=26016"}],"curies":[{"name":"wp","href":"https:\/\/api.w.org\/{rel}","templated":true}]}}