{"id":26015,"date":"2018-10-27T10:04:41","date_gmt":"2018-10-27T08:04:41","guid":{"rendered":"http:\/\/www.messinaoggi.it\/website\/?p=26015"},"modified":"2018-10-27T10:04:41","modified_gmt":"2018-10-27T08:04:41","slug":"cassazione-annullato-il-maxi-sequestro-a-bonaffini-e-chiofalo","status":"publish","type":"post","link":"https:\/\/www.messinaoggi.it\/website\/2018\/10\/27\/cassazione-annullato-il-maxi-sequestro-a-bonaffini-e-chiofalo\/","title":{"rendered":"Cassazione: annullato il maxi sequestro a Bonaffini e Chiofalo"},"content":{"rendered":"<p>La V Sezione della Cassazione ha annullato il maxi sequestro da 45o mln di euro alle famiglie Bonaffini e Chiofalo. La clamorosa decisione \u00e8 stata emessa dai giudici della Suprema Corte che, di fatto, hanno azzerato il lavoro della Procura di Messina che port\u00f2 al maxi sequestro di beni effettuato ai danni delle famiglie messinesi, molto note perch\u00e9 impegnate nell&#8217;ambito del commercio ittico.<br \/>\nI beni, quindi, per un valore milionario vengono restituiti a Sarino Bonaffini e Domenico Chiofalo, finiti entrambi nel mirino della magistratura messinese.<div id=\"div-gpt-ad-Messinaoggi.it-DSK-300x250-corpoart\" style=\"text-align:center;margin:0 auto;\"><\/div><\/p>\n<div id=\"videoincontent\" style=\"clear:both\";><\/div>","protected":false},"excerpt":{"rendered":"<p>La V Sezione della Cassazione ha annullato il maxi sequestro da 45o mln di euro alle famiglie Bonaffini e Chiofalo. La clamorosa decisione \u00e8 stata emessa dai giudici della Suprema Corte che, di fatto, hanno azzerato il lavoro della Procura di Messina che port\u00f2 al maxi sequestro di beni effettuato ai danni delle famiglie messinesi, [&hellip;]<\/p>\n","protected":false},"author":2,"featured_media":14117,"comment_status":"closed","ping_status":"open","sticky":false,"template":"","format":"standard","meta":{"ub_ctt_via":"","_mi_skip_tracking":false},"categories":[6],"tags":[],"featured_image_src":"https:\/\/www.messinaoggi.it\/website\/wp-content\/uploads\/2018\/01\/palazzo-cassazione-a-roma-in-piazza-cavour-1.jpg","author_info":{"display_name":"Redazione","author_link":"https:\/\/www.messinaoggi.it\/website\/author\/redazione\/"},"digistream_id":0,"digistream":false,"_links":{"self":[{"href":"https:\/\/www.messinaoggi.it\/website\/wp-json\/wp\/v2\/posts\/26015"}],"collection":[{"href":"https:\/\/www.messinaoggi.it\/website\/wp-json\/wp\/v2\/posts"}],"about":[{"href":"https:\/\/www.messinaoggi.it\/website\/wp-json\/wp\/v2\/types\/post"}],"author":[{"embeddable":true,"href":"https:\/\/www.messinaoggi.it\/website\/wp-json\/wp\/v2\/users\/2"}],"replies":[{"embeddable":true,"href":"https:\/\/www.messinaoggi.it\/website\/wp-json\/wp\/v2\/comments?post=26015"}],"version-history":[{"count":0,"href":"https:\/\/www.messinaoggi.it\/website\/wp-json\/wp\/v2\/posts\/26015\/revisions"}],"wp:featuredmedia":[{"embeddable":true,"href":"https:\/\/www.messinaoggi.it\/website\/wp-json\/wp\/v2\/media\/14117"}],"wp:attachment":[{"href":"https:\/\/www.messinaoggi.it\/website\/wp-json\/wp\/v2\/media?parent=26015"}],"wp:term":[{"taxonomy":"category","embeddable":true,"href":"https:\/\/www.messinaoggi.it\/website\/wp-json\/wp\/v2\/categories?post=26015"},{"taxonomy":"post_tag","embeddable":true,"href":"https:\/\/www.messinaoggi.it\/website\/wp-json\/wp\/v2\/tags?post=26015"}],"curies":[{"name":"wp","href":"https:\/\/api.w.org\/{rel}","templated":true}]}}