{"id":26014,"date":"2018-10-27T09:59:36","date_gmt":"2018-10-27T07:59:36","guid":{"rendered":"http:\/\/www.messinaoggi.it\/website\/?p=26014"},"modified":"2018-10-27T09:59:36","modified_gmt":"2018-10-27T07:59:36","slug":"risanamento-potere-al-popolo-contesta-lamministrazione-comunale","status":"publish","type":"post","link":"https:\/\/www.messinaoggi.it\/website\/2018\/10\/27\/risanamento-potere-al-popolo-contesta-lamministrazione-comunale\/","title":{"rendered":"Risanamento, Potere al Popolo contesta l&#039;amministrazione comunale"},"content":{"rendered":"<p style=\"text-align: justify;\">&#8220;Il Governo, apprendiamo dalla stampa, dai giornali, e dalle dichiarazioni dello stesso Cateno De Luca, avrebbe respinto la richiesta del Sindaco di Messina di ottenere il conferimento dei poteri speciali come Commissario della presunta Emergenza Baracche. Potere al Popolo Messina \u00e8 certamente a sostegno di una strategia per il Risanamento, ma non concorda con le modalit\u00e0 previste dall\u2019Amministrazione&#8221;.<div id=\"div-gpt-ad-Messinaoggi.it-DSK-300x250-corpoart\" style=\"text-align:center;margin:0 auto;\"><\/div><\/p>\n<p style=\"text-align: justify;\">Potere al Popolo sostiene che\u00a0quella che viene chiamata emergenza \u00e8 una forzatura, perch\u00e9 da almeno 110 anni esiste il problema del degrado in cui versano tantissime famiglie messinesi che vivono in case di fortuna, in una situazione di disagio. Dunque pensare di definire Emergenza quella che \u00e8 una situazione strutturale ed endemica al contesto sociale messinese, e non trattarla come tale, \u00e8 sbagliatissimo. Affidare poteri esecutivi e deliberativi al di sopra delle leggi regolari, che possono permettere al Sindaco di superare il parere del Consiglio Comunale e il confronto con la cittadinanza e soprattutto i diretti interessati, abitanti delle baracche, altrettanto sbagliato. Lo \u00e8 al di l\u00e0 dei motivi di legge per cui il Consiglio dei Ministri ha rigettato la richiesta, e cio\u00e8 il fatto che si tratta di eventi programmabili con le vie ordinarie e non frutto di calamit\u00e0 naturali.<br \/>\nIl Sindaco, per quanto l\u2019obiettivo sia giusto, non pu\u00f2 passare sopra il concetto di democrazia e partecipazione, deve perseguire il confronto con i cittadini, i baraccati e il Consiglio. Si deve giungere ad una soluzione condivisa e partecipata che tenga conto delle esigenze delle persone che saranno soggette alle scelte dell\u2019Amministrazione.<div id=\"videoincontent\" style=\"clear:both\";><\/div><\/p>\n<p style=\"text-align: justify;\">Per noi questa \u00e8 stata una notizia positiva, anche perch\u00e9 siamo pi\u00f9 fiduciosi che il Primo Cittadino terr\u00e0 fede alle promesse fatte alla delegazione di abitanti delle baracche e di sindacalisti dell\u2019Unione Inquilini e SI Cobas durante un incontro il 16 Ottobre scorso.<br \/>\nPotere al Popolo ha sin dall\u2019inizio sostenuto Unione Inquilini e baraccati partecipando ad un percorso assembleare con gli stessi inquilini che ha portato alla manifestazione per la Casa del 10 Ottobre, quando abbiamo fatto un presidio davanti alla stanza della Giunta fino a fermare il Sindaco, bloccarlo e insistere affinch\u00e9 si confrontasse con noi e non evitasse il dibattito come aveva fino a quel momento fatto. Quell\u2019incontro \u00e8 stata una vittoria di Unione Inquilini, di PaP, di SI Cobas e di tutti i soggetti del fronte sociale che al 10 Ottobre hanno preso parte.<\/p>\n<p style=\"text-align: justify;\">Auspichiamo che il Sindaco e l\u2019Amministrazione adesso facciano ci\u00f2 che devono e che abbiamo chiesto, senza proclami e senza populismi sterili, continuando nella via del dialogo e della democrazia. Noi resteremo a supporto degli abitanti e dei sindacati che si impegnano nella lotta per il diritto alla casa.<\/p>\n","protected":false},"excerpt":{"rendered":"<p>&#8220;Il Governo, apprendiamo dalla stampa, dai giornali, e dalle dichiarazioni dello stesso Cateno De Luca, avrebbe respinto la richiesta del Sindaco di Messina di ottenere il conferimento dei poteri speciali come Commissario della presunta Emergenza Baracche. Potere al Popolo Messina \u00e8 certamente a sostegno di una strategia per il Risanamento, ma non concorda con le [&hellip;]<\/p>\n","protected":false},"author":2,"featured_media":5177,"comment_status":"closed","ping_status":"open","sticky":false,"template":"","format":"standard","meta":{"ub_ctt_via":"","_mi_skip_tracking":false},"categories":[4],"tags":[],"featured_image_src":"https:\/\/www.messinaoggi.it\/website\/wp-content\/uploads\/2017\/07\/baracche-messina-messinaoggi-2.jpg","author_info":{"display_name":"Redazione","author_link":"https:\/\/www.messinaoggi.it\/website\/author\/redazione\/"},"digistream_id":0,"digistream":false,"_links":{"self":[{"href":"https:\/\/www.messinaoggi.it\/website\/wp-json\/wp\/v2\/posts\/26014"}],"collection":[{"href":"https:\/\/www.messinaoggi.it\/website\/wp-json\/wp\/v2\/posts"}],"about":[{"href":"https:\/\/www.messinaoggi.it\/website\/wp-json\/wp\/v2\/types\/post"}],"author":[{"embeddable":true,"href":"https:\/\/www.messinaoggi.it\/website\/wp-json\/wp\/v2\/users\/2"}],"replies":[{"embeddable":true,"href":"https:\/\/www.messinaoggi.it\/website\/wp-json\/wp\/v2\/comments?post=26014"}],"version-history":[{"count":0,"href":"https:\/\/www.messinaoggi.it\/website\/wp-json\/wp\/v2\/posts\/26014\/revisions"}],"wp:featuredmedia":[{"embeddable":true,"href":"https:\/\/www.messinaoggi.it\/website\/wp-json\/wp\/v2\/media\/5177"}],"wp:attachment":[{"href":"https:\/\/www.messinaoggi.it\/website\/wp-json\/wp\/v2\/media?parent=26014"}],"wp:term":[{"taxonomy":"category","embeddable":true,"href":"https:\/\/www.messinaoggi.it\/website\/wp-json\/wp\/v2\/categories?post=26014"},{"taxonomy":"post_tag","embeddable":true,"href":"https:\/\/www.messinaoggi.it\/website\/wp-json\/wp\/v2\/tags?post=26014"}],"curies":[{"name":"wp","href":"https:\/\/api.w.org\/{rel}","templated":true}]}}