{"id":260135,"date":"2026-01-28T12:33:14","date_gmt":"2026-01-28T11:33:14","guid":{"rendered":"http:\/\/www.messinaoggi.it\/website\/?p=260135"},"modified":"2026-01-28T12:36:25","modified_gmt":"2026-01-28T11:36:25","slug":"lutto-si-e-spento-francesco-poli-ex-manager-della-sanita","status":"publish","type":"post","link":"https:\/\/www.messinaoggi.it\/website\/2026\/01\/28\/lutto-si-e-spento-francesco-poli-ex-manager-della-sanita\/","title":{"rendered":"Lutto: si \u00e8 spento Francesco Poli, ex manager della Sanit\u00e0"},"content":{"rendered":"\n<p><strong>Francesco Poli<\/strong>, di 88 anni, nativo di Catania, ex manager della sanit\u00e0, si \u00e8 spento questa mattinA, nella sua citt\u00e0 natale. Ha legato il suo nome da manager della sanit\u00e0 a Messina, dove \u00e8 stato lungamente direttore generale dell&#8217;Asp, poi ha assunto nel 2011 il ruolo di commissario. <div id=\"div-gpt-ad-Messinaoggi.it-DSK-300x250-corpoart\" style=\"text-align:center;margin:0 auto;\"><\/div><\/p>\n\n\n\n<p>Poli \u00e8 stato anche al Papardo e al Policlinico, dove ha ricoperto ruoli di vertice.<div id=\"videoincontent\" style=\"clear:both\";><\/div><\/p>\n\n\n\n<p>&#8220;Il Direttore per antonomasia, l&#8217;uomo che ha cambiato con la sua lungimiranza l&#8217;Ospedale di Taormina. Tutti noi gli siamo grati per il lavoro svolto, spesso non capito immediatamente, ma teso sempre alla crescita del nosocomio Taorminese&#8221;.<\/p>\n\n\n\n<p>Lo ricorda cos\u00ec <strong>Mauro Passalacqua<\/strong>, gi\u00e0 primario del Pronto soccorso dell&#8217;ospedale di Taormina.<\/p>\n","protected":false},"excerpt":{"rendered":"<p>Francesco Poli, di 88 anni, nativo di Catania, ex manager della sanit\u00e0, si \u00e8 spento questa mattinA, nella sua citt\u00e0 natale. Ha legato il suo nome da manager della sanit\u00e0 a Messina, dove \u00e8 stato lungamente direttore generale dell&#8217;Asp, poi ha assunto nel 2011 il ruolo di commissario. Poli \u00e8 stato anche al Papardo e [&hellip;]<\/p>\n","protected":false},"author":2,"featured_media":260136,"comment_status":"open","ping_status":"open","sticky":false,"template":"","format":"standard","meta":{"ub_ctt_via":"","_mi_skip_tracking":false},"categories":[5],"tags":[40,12699,8036,10001],"featured_image_src":"https:\/\/www.messinaoggi.it\/website\/wp-content\/uploads\/2026\/01\/francesco_poli-150x150-1.jpg","author_info":{"display_name":"Redazione","author_link":"https:\/\/www.messinaoggi.it\/website\/author\/redazione\/"},"digistream_id":0,"digistream":false,"_links":{"self":[{"href":"https:\/\/www.messinaoggi.it\/website\/wp-json\/wp\/v2\/posts\/260135"}],"collection":[{"href":"https:\/\/www.messinaoggi.it\/website\/wp-json\/wp\/v2\/posts"}],"about":[{"href":"https:\/\/www.messinaoggi.it\/website\/wp-json\/wp\/v2\/types\/post"}],"author":[{"embeddable":true,"href":"https:\/\/www.messinaoggi.it\/website\/wp-json\/wp\/v2\/users\/2"}],"replies":[{"embeddable":true,"href":"https:\/\/www.messinaoggi.it\/website\/wp-json\/wp\/v2\/comments?post=260135"}],"version-history":[{"count":2,"href":"https:\/\/www.messinaoggi.it\/website\/wp-json\/wp\/v2\/posts\/260135\/revisions"}],"predecessor-version":[{"id":260138,"href":"https:\/\/www.messinaoggi.it\/website\/wp-json\/wp\/v2\/posts\/260135\/revisions\/260138"}],"wp:featuredmedia":[{"embeddable":true,"href":"https:\/\/www.messinaoggi.it\/website\/wp-json\/wp\/v2\/media\/260136"}],"wp:attachment":[{"href":"https:\/\/www.messinaoggi.it\/website\/wp-json\/wp\/v2\/media?parent=260135"}],"wp:term":[{"taxonomy":"category","embeddable":true,"href":"https:\/\/www.messinaoggi.it\/website\/wp-json\/wp\/v2\/categories?post=260135"},{"taxonomy":"post_tag","embeddable":true,"href":"https:\/\/www.messinaoggi.it\/website\/wp-json\/wp\/v2\/tags?post=260135"}],"curies":[{"name":"wp","href":"https:\/\/api.w.org\/{rel}","templated":true}]}}