{"id":260078,"date":"2026-01-28T06:47:20","date_gmt":"2026-01-28T05:47:20","guid":{"rendered":"http:\/\/www.messinaoggi.it\/website\/?p=260078"},"modified":"2026-01-27T18:51:32","modified_gmt":"2026-01-27T17:51:32","slug":"basile-voleva-fermare-il-ciclone-con-la-sabbia","status":"publish","type":"post","link":"https:\/\/www.messinaoggi.it\/website\/2026\/01\/28\/basile-voleva-fermare-il-ciclone-con-la-sabbia\/","title":{"rendered":"Basile voleva fermare il ciclone con la sabbia&#8230;"},"content":{"rendered":"\n<p>&#8220;In vista del maltempo previsto per luned\u00ec e marted\u00ec, sono stati avviati interventi urgenti per la messa in sicurezza e il ripristino dei tratti pi\u00f9 esposti del litorale jonico di Messina.Restiamo in attesa del bollettino ufficiale, che sar\u00e0 diramato domenica pomeriggio, per confermare o meno lo stato di allerta rossa.I lavori saranno concentrati laddove il rischio \u00e8 maggiore trattandosi di interventi di mitigazione del rischio e nella considerazione delle tante opere realizzate e delle altrettanto in corso di realizzazione e di appalto.Questi interventi, che proseguiranno sino alla giornata di luned\u00ec, rientrano tra le azioni di prevenzione e tutela del nostro territorio costiero&#8221;.<div id=\"div-gpt-ad-Messinaoggi.it-DSK-300x250-corpoart\" style=\"text-align:center;margin:0 auto;\"><\/div><\/p>\n\n\n\n<p>Lo scriveva &#8220;orgogliosamente&#8221; sul suo profilo Fb, sabato 17 gennaio 2026, mentre si trovava a Caltagirone, il sindaco di Messina, Federico Basile. Interventi che sono serviti a poco o nulla, vista l&#8217;imponenza del ciclone Harry che ha causato ingenti danni soprattutto a Santa Margherita.<div id=\"videoincontent\" style=\"clear:both\";><\/div><\/p>\n\n\n\n<p>Un tentativo rivelatosi inutile anche perch\u00e9 con la sabbia c&#8217;\u00e8 poco da fare per fermare la furia della mareggiata. Soldi sprecati quindi.<\/p>\n\n\n\n<p><\/p>\n","protected":false},"excerpt":{"rendered":"<p>&#8220;In vista del maltempo previsto per luned\u00ec e marted\u00ec, sono stati avviati interventi urgenti per la messa in sicurezza e il ripristino dei tratti pi\u00f9 esposti del litorale jonico di Messina.Restiamo in attesa del bollettino ufficiale, che sar\u00e0 diramato domenica pomeriggio, per confermare o meno lo stato di allerta rossa.I lavori saranno concentrati laddove il [&hellip;]<\/p>\n","protected":false},"author":2,"featured_media":260079,"comment_status":"open","ping_status":"open","sticky":false,"template":"","format":"standard","meta":{"ub_ctt_via":"","_mi_skip_tracking":false},"categories":[19],"tags":[12539,2972,12694,874,12695,3487],"featured_image_src":"https:\/\/www.messinaoggi.it\/website\/wp-content\/uploads\/2026\/01\/616815397_868952605736360_4405845662358349222_n.jpg","author_info":{"display_name":"Redazione","author_link":"https:\/\/www.messinaoggi.it\/website\/author\/redazione\/"},"digistream_id":0,"digistream":false,"_links":{"self":[{"href":"https:\/\/www.messinaoggi.it\/website\/wp-json\/wp\/v2\/posts\/260078"}],"collection":[{"href":"https:\/\/www.messinaoggi.it\/website\/wp-json\/wp\/v2\/posts"}],"about":[{"href":"https:\/\/www.messinaoggi.it\/website\/wp-json\/wp\/v2\/types\/post"}],"author":[{"embeddable":true,"href":"https:\/\/www.messinaoggi.it\/website\/wp-json\/wp\/v2\/users\/2"}],"replies":[{"embeddable":true,"href":"https:\/\/www.messinaoggi.it\/website\/wp-json\/wp\/v2\/comments?post=260078"}],"version-history":[{"count":1,"href":"https:\/\/www.messinaoggi.it\/website\/wp-json\/wp\/v2\/posts\/260078\/revisions"}],"predecessor-version":[{"id":260080,"href":"https:\/\/www.messinaoggi.it\/website\/wp-json\/wp\/v2\/posts\/260078\/revisions\/260080"}],"wp:featuredmedia":[{"embeddable":true,"href":"https:\/\/www.messinaoggi.it\/website\/wp-json\/wp\/v2\/media\/260079"}],"wp:attachment":[{"href":"https:\/\/www.messinaoggi.it\/website\/wp-json\/wp\/v2\/media?parent=260078"}],"wp:term":[{"taxonomy":"category","embeddable":true,"href":"https:\/\/www.messinaoggi.it\/website\/wp-json\/wp\/v2\/categories?post=260078"},{"taxonomy":"post_tag","embeddable":true,"href":"https:\/\/www.messinaoggi.it\/website\/wp-json\/wp\/v2\/tags?post=260078"}],"curies":[{"name":"wp","href":"https:\/\/api.w.org\/{rel}","templated":true}]}}