{"id":260073,"date":"2026-01-27T18:32:29","date_gmt":"2026-01-27T17:32:29","guid":{"rendered":"http:\/\/www.messinaoggi.it\/website\/?p=260073"},"modified":"2026-01-27T18:32:30","modified_gmt":"2026-01-27T17:32:30","slug":"impianto-di-mili-germana-non-si-deve-fare","status":"publish","type":"post","link":"https:\/\/www.messinaoggi.it\/website\/2026\/01\/27\/impianto-di-mili-germana-non-si-deve-fare\/","title":{"rendered":"Impianto di Mili, German\u00e0: &#8220;Non si deve fare&#8221;"},"content":{"rendered":"\n<p>&#8220;Sull\u2019impianto di Mili Marina a Messina, per lo smaltimento della frazione umida dei rifiuti, non faremo alcun passo indietro. E\u2019 oltremodo evidente che tale progetto minaccia la salute pubblica e l\u2019ambiente, a partire dalle violazioni sulla distanza minima dal centro abitato, dal vincolo idrogeologico sul sito e dalla carente istruttoria sulla viabilit\u00e0 locale. La recente decisione del Tar, sul ricorso del comitato \u201cAmo il mio paese\u201d, non ha legittimato la correttezza del progetto, n\u00e9 la compatibilit\u00e0 con il territorio e la salute dei cittadini. Andremo avanti anche in sede penale, oltre che amministrativa, per fermare questo scempio\u201d. <div id=\"div-gpt-ad-Messinaoggi.it-DSK-300x250-corpoart\" style=\"text-align:center;margin:0 auto;\"><\/div><\/p>\n\n\n\n<p>Lo afferma <strong>Nino German\u00e0<\/strong>, segretario della commissione ambiente del Senato e segretario regionale della Lega in Sicilia.\u00a0<div id=\"videoincontent\" style=\"clear:both\";><\/div><\/p>\n\n\n\n<p>\u201cLa battaglia per la legalit\u00e0 e per la salvaguardia del territorio &#8211; aggiunge German\u00e0 &#8211; continua. Al Sindaco di Messina che \u00e8 ancora in tempo per fare un passo indietro dico che sono pronto a scommettere che sino alla fine del suo mandato non riuscir\u00e0 a piantare un solo chiodo per realizzare tale impianto a Mili. Sono stati riaperti i termini per impugnare l\u2019iter espropriativo, ed in questa battaglia avremo accanto proprio i cittadini per impedire la prosecuzione di attivit\u00e0 che rappresentano un danno irreparabile per la comunit\u00e0 di Mili\u201d.<\/p>\n","protected":false},"excerpt":{"rendered":"<p>&#8220;Sull\u2019impianto di Mili Marina a Messina, per lo smaltimento della frazione umida dei rifiuti, non faremo alcun passo indietro. E\u2019 oltremodo evidente che tale progetto minaccia la salute pubblica e l\u2019ambiente, a partire dalle violazioni sulla distanza minima dal centro abitato, dal vincolo idrogeologico sul sito e dalla carente istruttoria sulla viabilit\u00e0 locale. La recente [&hellip;]<\/p>\n","protected":false},"author":2,"featured_media":129959,"comment_status":"open","ping_status":"open","sticky":false,"template":"","format":"standard","meta":{"ub_ctt_via":"","_mi_skip_tracking":false},"categories":[5],"tags":[12691,1082,12692],"featured_image_src":"https:\/\/www.messinaoggi.it\/website\/wp-content\/uploads\/2022\/11\/WhatsApp-Image-2022-11-15-at-12.13.32-1-e1668534847640.jpg","author_info":{"display_name":"Redazione","author_link":"https:\/\/www.messinaoggi.it\/website\/author\/redazione\/"},"digistream_id":0,"digistream":false,"_links":{"self":[{"href":"https:\/\/www.messinaoggi.it\/website\/wp-json\/wp\/v2\/posts\/260073"}],"collection":[{"href":"https:\/\/www.messinaoggi.it\/website\/wp-json\/wp\/v2\/posts"}],"about":[{"href":"https:\/\/www.messinaoggi.it\/website\/wp-json\/wp\/v2\/types\/post"}],"author":[{"embeddable":true,"href":"https:\/\/www.messinaoggi.it\/website\/wp-json\/wp\/v2\/users\/2"}],"replies":[{"embeddable":true,"href":"https:\/\/www.messinaoggi.it\/website\/wp-json\/wp\/v2\/comments?post=260073"}],"version-history":[{"count":1,"href":"https:\/\/www.messinaoggi.it\/website\/wp-json\/wp\/v2\/posts\/260073\/revisions"}],"predecessor-version":[{"id":260074,"href":"https:\/\/www.messinaoggi.it\/website\/wp-json\/wp\/v2\/posts\/260073\/revisions\/260074"}],"wp:featuredmedia":[{"embeddable":true,"href":"https:\/\/www.messinaoggi.it\/website\/wp-json\/wp\/v2\/media\/129959"}],"wp:attachment":[{"href":"https:\/\/www.messinaoggi.it\/website\/wp-json\/wp\/v2\/media?parent=260073"}],"wp:term":[{"taxonomy":"category","embeddable":true,"href":"https:\/\/www.messinaoggi.it\/website\/wp-json\/wp\/v2\/categories?post=260073"},{"taxonomy":"post_tag","embeddable":true,"href":"https:\/\/www.messinaoggi.it\/website\/wp-json\/wp\/v2\/tags?post=260073"}],"curies":[{"name":"wp","href":"https:\/\/api.w.org\/{rel}","templated":true}]}}