{"id":260032,"date":"2026-01-27T12:43:06","date_gmt":"2026-01-27T11:43:06","guid":{"rendered":"http:\/\/www.messinaoggi.it\/website\/?p=260032"},"modified":"2026-01-27T12:43:08","modified_gmt":"2026-01-27T11:43:08","slug":"dimissioni-scurria-svela-il-segreto-di-pulcinella","status":"publish","type":"post","link":"https:\/\/www.messinaoggi.it\/website\/2026\/01\/27\/dimissioni-scurria-svela-il-segreto-di-pulcinella\/","title":{"rendered":"Dimissioni? Scurria svela il segreto di &#8220;Pulcinella&#8221;"},"content":{"rendered":"\n<p>Un video rilanciato sui Social svela il &#8220;segreto di Pulcinella&#8221;, riguardo alle dimissioni del sindaco, Federico Basile. Marcello Scurria, leader del Comitato &#8220;Partecipazione&#8221; con un video pubblicato sulla pagian Fb del comitato cittadino svela perch\u00e9 si andr\u00e0 a votare a giugno 2026.<div id=\"div-gpt-ad-Messinaoggi.it-DSK-300x250-corpoart\" style=\"text-align:center;margin:0 auto;\"><\/div><\/p>\n\n\n\n<p>Secondo Scurria c&#8217;\u00e8 un indizio inequivocabile e riguarda il bando del progetto &#8220;Estate addosso&#8221;. Una iniziativa che consentir\u00e0 a centinaia di studenti di poter ottenere uno stipendio per pochi mesi per effettuare dei tirocini.<div id=\"videoincontent\" style=\"clear:both\";><\/div><\/p>\n\n\n\n<p>In realt\u00e0 negli anni precedenti i bandi venivano fatti d&#8217;estate mentre l&#8217;attivit\u00e0 di tirocinio partiva a settembre, ma quest&#8217;anno vi sarebbe la necessit\u00e0 di anticipare. <\/p>\n\n\n\n<p>Un anticipo legato alla ormai imminente campagna elettorale.<\/p>\n\n\n\n<p>&#8220;Pi\u00f9 che di estate addosso, parlerei di elezioni addosso&#8221;, ha commentato Scurria.<\/p>\n","protected":false},"excerpt":{"rendered":"<p>Un video rilanciato sui Social svela il &#8220;segreto di Pulcinella&#8221;, riguardo alle dimissioni del sindaco, Federico Basile. Marcello Scurria, leader del Comitato &#8220;Partecipazione&#8221; con un video pubblicato sulla pagian Fb del comitato cittadino svela perch\u00e9 si andr\u00e0 a votare a giugno 2026. Secondo Scurria c&#8217;\u00e8 un indizio inequivocabile e riguarda il bando del progetto &#8220;Estate [&hellip;]<\/p>\n","protected":false},"author":2,"featured_media":256249,"comment_status":"open","ping_status":"open","sticky":false,"template":"","format":"standard","meta":{"ub_ctt_via":"","_mi_skip_tracking":false},"categories":[6],"tags":[611,11991,6192,2972],"featured_image_src":"https:\/\/www.messinaoggi.it\/website\/wp-content\/uploads\/2025\/12\/86283fe9-ebb7-4f10-b73e-4bdbd5598a64.jpg","author_info":{"display_name":"Redazione","author_link":"https:\/\/www.messinaoggi.it\/website\/author\/redazione\/"},"digistream_id":0,"digistream":false,"_links":{"self":[{"href":"https:\/\/www.messinaoggi.it\/website\/wp-json\/wp\/v2\/posts\/260032"}],"collection":[{"href":"https:\/\/www.messinaoggi.it\/website\/wp-json\/wp\/v2\/posts"}],"about":[{"href":"https:\/\/www.messinaoggi.it\/website\/wp-json\/wp\/v2\/types\/post"}],"author":[{"embeddable":true,"href":"https:\/\/www.messinaoggi.it\/website\/wp-json\/wp\/v2\/users\/2"}],"replies":[{"embeddable":true,"href":"https:\/\/www.messinaoggi.it\/website\/wp-json\/wp\/v2\/comments?post=260032"}],"version-history":[{"count":1,"href":"https:\/\/www.messinaoggi.it\/website\/wp-json\/wp\/v2\/posts\/260032\/revisions"}],"predecessor-version":[{"id":260033,"href":"https:\/\/www.messinaoggi.it\/website\/wp-json\/wp\/v2\/posts\/260032\/revisions\/260033"}],"wp:featuredmedia":[{"embeddable":true,"href":"https:\/\/www.messinaoggi.it\/website\/wp-json\/wp\/v2\/media\/256249"}],"wp:attachment":[{"href":"https:\/\/www.messinaoggi.it\/website\/wp-json\/wp\/v2\/media?parent=260032"}],"wp:term":[{"taxonomy":"category","embeddable":true,"href":"https:\/\/www.messinaoggi.it\/website\/wp-json\/wp\/v2\/categories?post=260032"},{"taxonomy":"post_tag","embeddable":true,"href":"https:\/\/www.messinaoggi.it\/website\/wp-json\/wp\/v2\/tags?post=260032"}],"curies":[{"name":"wp","href":"https:\/\/api.w.org\/{rel}","templated":true}]}}