{"id":259904,"date":"2026-01-25T16:24:40","date_gmt":"2026-01-25T15:24:40","guid":{"rendered":"http:\/\/www.messinaoggi.it\/website\/?p=259904"},"modified":"2026-01-25T16:24:47","modified_gmt":"2026-01-25T15:24:47","slug":"harry-oggi-e-il-giorno-di-chi-la-spara-piu-grossa","status":"publish","type":"post","link":"https:\/\/www.messinaoggi.it\/website\/2026\/01\/25\/harry-oggi-e-il-giorno-di-chi-la-spara-piu-grossa\/","title":{"rendered":"Harry, oggi \u00e8 il giorno di chi la &#8220;spara pi\u00f9 grossa&#8221;&#8230;"},"content":{"rendered":"\n<p><strong>Cateno De Luca<\/strong> ha fatto sapere di avere consegnato al presidente del Senato, <strong>Ignazio La Russa<\/strong>, la bozza di ordinanza di Protezione civile per l&#8217;emergenza determinata dal ciclone Harry nel versante dello Ionio. Il <strong>M5S <\/strong>indica la strada e chiede procedure snelle. Tutti si affannano non si comprende per cosa, visto che ci sono gli strumenti legislativi per fronteggiare l&#8217;emergenza. <div id=\"div-gpt-ad-Messinaoggi.it-DSK-300x250-corpoart\" style=\"text-align:center;margin:0 auto;\"><\/div><\/p>\n\n\n\n<p>Sull&#8217;argomento, interviene l&#8217;avvocato Marcello Scurria, con una nota con la quale spiega nei dettagli come la situazione vada affrontata al cospetto di un dettato legislativo chiaro. &#8220;\ud835\udc0d\ud835\udc28\ud835\udc27 \ud835\udc2c\ud835\udc1e\ud835\udc2b\ud835\udc2f\ud835\udc1e \ud835\udc1a \ud835\udc27\ud835\udc1e\ud835\udc2c\ud835\udc2c\ud835\udc2e\ud835\udc27\ud835\udc28 \ud835\udc22\ud835\udc27\ud835\udc1d\ud835\udc22\ud835\udc1c\ud835\udc1a\ud835\udc2b\ud835\udc1e \ud835\udc25\ud835\udc1a \ud835\udc25\ud835\udc2e\ud835\udc27\ud835\udc1a \ud835\udc28 \ud835\udc2c\ud835\udc29\ud835\udc1a\ud835\udc2b\ud835\udc1a\ud835\udc2b\ud835\udc25\ud835\udc1a \ud835\udc20\ud835\udc2b\ud835\udc28\ud835\udc2c\ud835\udc2c\ud835\udc1a&#8221;. Esordisce Scurria.<div id=\"videoincontent\" style=\"clear:both\";><\/div><\/p>\n\n\n\n<p>&#8220;La situazione \u00e8 seria, terribilmente seria, e sar\u00e0 affrontata con tutti gli strumenti previsti dalla legge. Il Servizio Nazionale della Protezione Civile italiano, che il mondo ci invidia, \u00e8 riconosciuto per la sua struttura ben organizzata e l&#8217;efficacia nella gestione delle grandi emergenze.Dopo la fase dello stato di emergenza di rilievo nazionale, che non pu\u00f2 superare i 12 mesi, ed \u00e8 prorogabile per non pi\u00f9 di ulteriori 12 mesi, \u00e8 prevista quella di ricostruzione post-calamit\u00e0. secondo il principio della \u201criparazione\u201d sociale ed economica dei territori colpiti da eventi calamitosi.Lo stato di emergenza \u00e8 dichiarato se \u00e8 necessario un intervento ampio sul tessuto urbanistico ed edilizio delle aree colpite.Lo stato di ricostruzione decorre dalla scadenza dello stato di emergenza di rilievo nazionale, non pu\u00f2 eccedere la durata di cinque anni, prorogabili fino a dieci anni e pu\u00f2 essere revocato prima della sua scadenza.L\u2019obiettivo della recente riforma \u00e8 stato quello di definire \u201cun modello unico, volto a garantire certezza, stabilit\u00e0 e velocit\u00e0 dei processi di ricostruzione\u201d ed evitare che, ad ogni evento calamitoso di rilievo nazionale, vengano adottate discipline ad hoc, spesso non omogenee, che hanno portato ad un quadro giuridico nazionale \u201cpoco organico, frammentario, stratificato nel tempo, differenziato per territori e in continuo divenire\u201d.In questo quadro, solo per chiarezza, le Ordinanze di protezione civile, emesse a seguito di dichiarazione dello stato di emergenza, contengono le deroghe (c.d. \u201cpoteri speciali\u201d) consentite dalla legge Italiana e dalle Direttive europee.A scanso di equivoci, ed in particolare, non sono consentite deroghe ai principi in materia ambientale previsti dalle direttive europee (in verit\u00e0 non \u00e8 consentita alcuna deroga della legge penale, delle leggi antimafia del Codice dei beni culturali etc.).La Regione Siciliana, come la Calabria e la Sardegna, hanno gi\u00e0 dichiarato lo stato di calamit\u00e0 e richiesto al Governo nazionale la dichiarazione dello stato di emergenza nazionale. La risposta all\u2019evento calamitoso \u00e8 coerente con gli strumenti previsti dalla legge.Non c\u2019\u00e8 nulla da inventare o sollecitare!&#8221;.<\/p>\n","protected":false},"excerpt":{"rendered":"<p>Cateno De Luca ha fatto sapere di avere consegnato al presidente del Senato, Ignazio La Russa, la bozza di ordinanza di Protezione civile per l&#8217;emergenza determinata dal ciclone Harry nel versante dello Ionio. Il M5S indica la strada e chiede procedure snelle. Tutti si affannano non si comprende per cosa, visto che ci sono gli [&hellip;]<\/p>\n","protected":false},"author":2,"featured_media":259410,"comment_status":"open","ping_status":"open","sticky":false,"template":"","format":"standard","meta":{"ub_ctt_via":"","_mi_skip_tracking":false},"categories":[6],"tags":[126,12539,3346,3375],"featured_image_src":"https:\/\/www.messinaoggi.it\/website\/wp-content\/uploads\/2026\/01\/616234650_26048317598119593_931169329148885441_n.jpg","author_info":{"display_name":"Redazione","author_link":"https:\/\/www.messinaoggi.it\/website\/author\/redazione\/"},"digistream_id":0,"digistream":false,"_links":{"self":[{"href":"https:\/\/www.messinaoggi.it\/website\/wp-json\/wp\/v2\/posts\/259904"}],"collection":[{"href":"https:\/\/www.messinaoggi.it\/website\/wp-json\/wp\/v2\/posts"}],"about":[{"href":"https:\/\/www.messinaoggi.it\/website\/wp-json\/wp\/v2\/types\/post"}],"author":[{"embeddable":true,"href":"https:\/\/www.messinaoggi.it\/website\/wp-json\/wp\/v2\/users\/2"}],"replies":[{"embeddable":true,"href":"https:\/\/www.messinaoggi.it\/website\/wp-json\/wp\/v2\/comments?post=259904"}],"version-history":[{"count":1,"href":"https:\/\/www.messinaoggi.it\/website\/wp-json\/wp\/v2\/posts\/259904\/revisions"}],"predecessor-version":[{"id":259905,"href":"https:\/\/www.messinaoggi.it\/website\/wp-json\/wp\/v2\/posts\/259904\/revisions\/259905"}],"wp:featuredmedia":[{"embeddable":true,"href":"https:\/\/www.messinaoggi.it\/website\/wp-json\/wp\/v2\/media\/259410"}],"wp:attachment":[{"href":"https:\/\/www.messinaoggi.it\/website\/wp-json\/wp\/v2\/media?parent=259904"}],"wp:term":[{"taxonomy":"category","embeddable":true,"href":"https:\/\/www.messinaoggi.it\/website\/wp-json\/wp\/v2\/categories?post=259904"},{"taxonomy":"post_tag","embeddable":true,"href":"https:\/\/www.messinaoggi.it\/website\/wp-json\/wp\/v2\/tags?post=259904"}],"curies":[{"name":"wp","href":"https:\/\/api.w.org\/{rel}","templated":true}]}}