{"id":259900,"date":"2026-01-25T15:55:31","date_gmt":"2026-01-25T14:55:31","guid":{"rendered":"http:\/\/www.messinaoggi.it\/website\/?p=259900"},"modified":"2026-01-25T15:55:53","modified_gmt":"2026-01-25T14:55:53","slug":"ciclone-germana-le-tv-nazionali-parlino-dei-danni","status":"publish","type":"post","link":"https:\/\/www.messinaoggi.it\/website\/2026\/01\/25\/ciclone-germana-le-tv-nazionali-parlino-dei-danni\/","title":{"rendered":"Ciclone, German\u00e0: &#8220;Le Tv nazionali parlino dei danni&#8221;"},"content":{"rendered":"\n<p>\u201cFaccio un appello accorato ai media nazionali: per favore, date spazio nei vostri telegiornali principali alla tragedia che ha colpito la mia Sicilia\u201d. Cos\u00ec il senatore e segretario della Lega in Sicilia, Nino German\u00e0, in apertura del suo intervento all\u2019evento \u201cIdee in Movimento\u201d a Rivisondoli, in Abruzzo.\u201cNella sfortuna abbiamo avuto la fortuna di non avere morti, ma questo non giustifica il silenzio dei Tg nazionali. La ferita \u00e8 profonda e la Sicilia \u00e8 a lutto\u201d, ha proseguito il senatore.La mareggiata scatenata dal ciclone \u2018Harry\u2019 \u00e8 stata di una violenza mai vista: ha cancellato interi lungomari da Furci Siculo a Taormina, da Acireale a Ortigia, lungo tutta la fascia ionica, dalla punta sud della citt\u00e0 di Messina fino alla punta sud della Sicilia. Sindaci, cittadini e volontari stanno spalando fango e detriti da giorni senza sosta. \u201cRingrazio il Governo regionale \u2013 ha aggiunto German\u00e0 \u2013 che ha subito dichiarato lo stato di calamit\u00e0 e stanziato 70 milioni di euro per le prime urgenze, e il Governo nazionale che luned\u00ec in Consiglio dei ministri deliberer\u00e0 lo stato di emergenza. Mostratelo nei tg, fate vedere la grande devastazione\u201d. <div id=\"div-gpt-ad-Messinaoggi.it-DSK-300x250-corpoart\" style=\"text-align:center;margin:0 auto;\"><\/div><\/p>\n<div id=\"videoincontent\" style=\"clear:both\";><\/div>","protected":false},"excerpt":{"rendered":"<p>\u201cFaccio un appello accorato ai media nazionali: per favore, date spazio nei vostri telegiornali principali alla tragedia che ha colpito la mia Sicilia\u201d. Cos\u00ec il senatore e segretario della Lega in Sicilia, Nino German\u00e0, in apertura del suo intervento all\u2019evento \u201cIdee in Movimento\u201d a Rivisondoli, in Abruzzo.\u201cNella sfortuna abbiamo avuto la fortuna di non avere [&hellip;]<\/p>\n","protected":false},"author":2,"featured_media":259736,"comment_status":"open","ping_status":"open","sticky":false,"template":"","format":"standard","meta":{"ub_ctt_via":"","_mi_skip_tracking":false},"categories":[6],"tags":[12634,12663,1082,12664],"featured_image_src":"https:\/\/www.messinaoggi.it\/website\/wp-content\/uploads\/2026\/01\/621173844_1470016834685748_1968382446862487136_n.jpg","author_info":{"display_name":"Redazione","author_link":"https:\/\/www.messinaoggi.it\/website\/author\/redazione\/"},"digistream_id":0,"digistream":false,"_links":{"self":[{"href":"https:\/\/www.messinaoggi.it\/website\/wp-json\/wp\/v2\/posts\/259900"}],"collection":[{"href":"https:\/\/www.messinaoggi.it\/website\/wp-json\/wp\/v2\/posts"}],"about":[{"href":"https:\/\/www.messinaoggi.it\/website\/wp-json\/wp\/v2\/types\/post"}],"author":[{"embeddable":true,"href":"https:\/\/www.messinaoggi.it\/website\/wp-json\/wp\/v2\/users\/2"}],"replies":[{"embeddable":true,"href":"https:\/\/www.messinaoggi.it\/website\/wp-json\/wp\/v2\/comments?post=259900"}],"version-history":[{"count":2,"href":"https:\/\/www.messinaoggi.it\/website\/wp-json\/wp\/v2\/posts\/259900\/revisions"}],"predecessor-version":[{"id":259902,"href":"https:\/\/www.messinaoggi.it\/website\/wp-json\/wp\/v2\/posts\/259900\/revisions\/259902"}],"wp:featuredmedia":[{"embeddable":true,"href":"https:\/\/www.messinaoggi.it\/website\/wp-json\/wp\/v2\/media\/259736"}],"wp:attachment":[{"href":"https:\/\/www.messinaoggi.it\/website\/wp-json\/wp\/v2\/media?parent=259900"}],"wp:term":[{"taxonomy":"category","embeddable":true,"href":"https:\/\/www.messinaoggi.it\/website\/wp-json\/wp\/v2\/categories?post=259900"},{"taxonomy":"post_tag","embeddable":true,"href":"https:\/\/www.messinaoggi.it\/website\/wp-json\/wp\/v2\/tags?post=259900"}],"curies":[{"name":"wp","href":"https:\/\/api.w.org\/{rel}","templated":true}]}}