{"id":259870,"date":"2026-01-24T21:29:57","date_gmt":"2026-01-24T20:29:57","guid":{"rendered":"http:\/\/www.messinaoggi.it\/website\/?p=259870"},"modified":"2026-01-24T21:31:24","modified_gmt":"2026-01-24T20:31:24","slug":"fratelli-contro-corrente-la-vardera-spacca-famiglie-e-pesca-in-casa-de-luca","status":"publish","type":"post","link":"https:\/\/www.messinaoggi.it\/website\/2026\/01\/24\/fratelli-contro-corrente-la-vardera-spacca-famiglie-e-pesca-in-casa-de-luca\/","title":{"rendered":"Fratelli Contro&#8230; corrente, La Vardera spacca famiglie e pesca in casa De Luca"},"content":{"rendered":"\n<p>Oggi all\u2019Hotel Royal, il leader di Controcorrente <strong>Ismaele La Vardera<\/strong>, ha ufficializzato le adesioni nel movimento dell\u2019avvocato <strong>Vincenzo La Cava<\/strong> ed anche degli avvocati <strong>Massimo Fiumara<\/strong> e <strong>Fortunato Strangi<\/strong>, oltre ai dottori <strong>Pietro Cacace <\/strong>(gi\u00e0 consigliere comunale), \u00a0<strong>Marcello Parnasso<\/strong> (gi\u00e0 candidato al consiglio comunale) e la dottoressa <strong>Loredana Polizzi<\/strong>. Durante l&#8217;evento sono intervenuti anche Mario Biancuzzo gi\u00e0 consigliere della sesta circoscrizione ed il dottore Massimo De Pasquale.<div id=\"div-gpt-ad-Messinaoggi.it-DSK-300x250-corpoart\" style=\"text-align:center;margin:0 auto;\"><\/div><\/p>\n\n\n\n<p>Nomi noti, alcuni dei quali gi\u00e0 di riferimento della cosiddetta &#8220;Galassia-De Luca&#8221;, come quello di <strong>Vincenzo La Cava<\/strong>, gi\u00e0 presidente di Arism\u00e9. Ci\u00f2 che sorprende \u00e8 il rapporto di parentela stretta che lega alcuni dei nomi proposti a quelli che, invece, fanno parte del gruppo-De Luca. <div id=\"videoincontent\" style=\"clear:both\";><\/div><\/p>\n\n\n\n<p><strong>Vincenzo La Cava<\/strong> \u00e8 fratello di <strong>Alessandro<\/strong>, deluchiano della prima ora, componente del Cda di Arisme; mentre <strong>Pietro Cacace<\/strong>, noto come <strong>Piero<\/strong>, \u00e8 fratello di <strong>Maurizio<\/strong>, presidente di Patrimonio Messina. A completare il novero dei familiari che si sono avvicinati a Controcorrente c&#8217;\u00e8 anche <strong>Lucia Finocchiaro<\/strong>, sorella dell&#8217;assessore della giunta-De Luca, <strong>Massimo Finocchiaro<\/strong>.<\/p>\n\n\n\n<p>La Vardera pesca quindi nel gruppo-De Luca a Messina e lo fa con sfrontatezza politica. Il gruppo Controcorrente ha &#8220;sfoderato&#8221; anche altri nomi di livello con un passato nelle file del partito di Cateno De Luca, come Marcello Parnasso, gi\u00e0 candidato al consiglio comunale di Messina. Ma ci sono anche gli avvocati Strangi e Fiumara che completano la &#8220;rosa&#8221; delle nuove adesioni.<\/p>\n\n\n\n<figure class=\"wp-block-image size-large\"><img loading=\"lazy\" width=\"1024\" height=\"768\" src=\"http:\/\/www.messinaoggi.it\/website\/wp-content\/uploads\/2026\/01\/Presentazione-La-Cava-1024x768.jpeg\" alt=\"\" class=\"wp-image-259871\" srcset=\"https:\/\/www.messinaoggi.it\/website\/wp-content\/uploads\/2026\/01\/Presentazione-La-Cava-1024x768.jpeg 1024w, https:\/\/www.messinaoggi.it\/website\/wp-content\/uploads\/2026\/01\/Presentazione-La-Cava-300x225.jpeg 300w, https:\/\/www.messinaoggi.it\/website\/wp-content\/uploads\/2026\/01\/Presentazione-La-Cava-768x576.jpeg 768w, https:\/\/www.messinaoggi.it\/website\/wp-content\/uploads\/2026\/01\/Presentazione-La-Cava-1536x1152.jpeg 1536w, https:\/\/www.messinaoggi.it\/website\/wp-content\/uploads\/2026\/01\/Presentazione-La-Cava.jpeg 1600w\" sizes=\"(max-width: 1024px) 100vw, 1024px\" \/><figcaption><strong>L&#8217;affollata sala del Royal per la presentazione dei nuovi di Controcorrente<\/strong><\/figcaption><\/figure>\n\n\n\n<p>&#8220;Il movimento &#8211; spiega il deputato regionale Ismaele La Vardera &#8211; \u00e9 ufficialmente presente in tutta la Sicilia, le adesioni di oggi confermano che Controcorrente \u00e9 una realt\u00e0 consolidata anche a Messina. Saremo certamente presenti alle elezioni comunali, valutando anche di presentare un nostro sindaco. Siamo consapevoli delle grandi sfide che abbiamo davanti, questa citt\u00e0 sar\u00e0 certamente protagonista e giocher\u00e0 un ruolo fondamentale nella costruzione del movimento regionale\u201d.<\/p>\n\n\n\n<p>\u201cSono felice &#8211; conclude l&#8217;ex presidente di Arism\u00e8, Vincenzo La Cava &#8211; di aver aderito ad un movimento di rottura che ha dimostrato non solo di denunciare, ma di proporre e sognare una Sicilia diversa. Sar\u00f2 al fianco di Ismaele. Da 48 ore sono sommerso di chiamate da pezzi importanti della citt\u00e0 di Messina che mi chiedono di aderire, presto apriremo una sede e, attraverso Ismaele, condurremo battaglie importanti che arriveranno nel cuore delle istituzioni\u201d.<\/p>\n","protected":false},"excerpt":{"rendered":"<p>Oggi all\u2019Hotel Royal, il leader di Controcorrente Ismaele La Vardera, ha ufficializzato le adesioni nel movimento dell\u2019avvocato Vincenzo La Cava ed anche degli avvocati Massimo Fiumara e Fortunato Strangi, oltre ai dottori Pietro Cacace (gi\u00e0 consigliere comunale), \u00a0Marcello Parnasso (gi\u00e0 candidato al consiglio comunale) e la dottoressa Loredana Polizzi. Durante l&#8217;evento sono intervenuti anche Mario [&hellip;]<\/p>\n","protected":false},"author":2,"featured_media":259872,"comment_status":"open","ping_status":"open","sticky":false,"template":"","format":"standard","meta":{"ub_ctt_via":"","_mi_skip_tracking":false},"categories":[19],"tags":[4925,4307,12660,12659],"featured_image_src":"https:\/\/www.messinaoggi.it\/website\/wp-content\/uploads\/2026\/01\/Presentazione-La-Cava-2.jpeg","author_info":{"display_name":"Redazione","author_link":"https:\/\/www.messinaoggi.it\/website\/author\/redazione\/"},"digistream_id":0,"digistream":false,"_links":{"self":[{"href":"https:\/\/www.messinaoggi.it\/website\/wp-json\/wp\/v2\/posts\/259870"}],"collection":[{"href":"https:\/\/www.messinaoggi.it\/website\/wp-json\/wp\/v2\/posts"}],"about":[{"href":"https:\/\/www.messinaoggi.it\/website\/wp-json\/wp\/v2\/types\/post"}],"author":[{"embeddable":true,"href":"https:\/\/www.messinaoggi.it\/website\/wp-json\/wp\/v2\/users\/2"}],"replies":[{"embeddable":true,"href":"https:\/\/www.messinaoggi.it\/website\/wp-json\/wp\/v2\/comments?post=259870"}],"version-history":[{"count":2,"href":"https:\/\/www.messinaoggi.it\/website\/wp-json\/wp\/v2\/posts\/259870\/revisions"}],"predecessor-version":[{"id":259874,"href":"https:\/\/www.messinaoggi.it\/website\/wp-json\/wp\/v2\/posts\/259870\/revisions\/259874"}],"wp:featuredmedia":[{"embeddable":true,"href":"https:\/\/www.messinaoggi.it\/website\/wp-json\/wp\/v2\/media\/259872"}],"wp:attachment":[{"href":"https:\/\/www.messinaoggi.it\/website\/wp-json\/wp\/v2\/media?parent=259870"}],"wp:term":[{"taxonomy":"category","embeddable":true,"href":"https:\/\/www.messinaoggi.it\/website\/wp-json\/wp\/v2\/categories?post=259870"},{"taxonomy":"post_tag","embeddable":true,"href":"https:\/\/www.messinaoggi.it\/website\/wp-json\/wp\/v2\/tags?post=259870"}],"curies":[{"name":"wp","href":"https:\/\/api.w.org\/{rel}","templated":true}]}}