{"id":259858,"date":"2026-01-24T14:06:42","date_gmt":"2026-01-24T13:06:42","guid":{"rendered":"https:\/\/www.messinaoggi.it\/website\/2026\/01\/24\/allegri-roma-non-e-una-sorpresa-ci-giochiamo-ingresso-in-champions\/"},"modified":"2026-01-24T14:06:42","modified_gmt":"2026-01-24T13:06:42","slug":"allegri-roma-non-e-una-sorpresa-ci-giochiamo-ingresso-in-champions","status":"publish","type":"post","link":"https:\/\/www.messinaoggi.it\/website\/2026\/01\/24\/allegri-roma-non-e-una-sorpresa-ci-giochiamo-ingresso-in-champions\/","title":{"rendered":"Allegri \u201cRoma non \u00e8 una sorpresa, ci giochiamo ingresso in Champions\u201d"},"content":{"rendered":"<div>MILANO (ITALPRESS) &#8211; <em>&#8220;La visita della propriet\u00e0 ha fatto molto piacere a tutti. E&#8217; un momento importante della stagione in cui ci giochiamo il nostro obiettivo finale, l&#8217;ingresso in Champions League. Dobbiamo pensare solo al campo, domani affronteremo una partita contro una squadra che sta lottando con noi per entrare nei primi quattro posti. Gasperini sta facendo un ottimo lavoro e la Roma rispecchia il suo allenatore, ci aspetta un bell&#8217;ambiente e dovremo fare una partita tecnica contro una squadra aggressiva&#8221;<\/em>. Lo ha detto il tecnico del <strong>Milan,<\/strong> Massimiliano <strong>Allegri,<\/strong> alla vigilia della trasferta di campionato all&#8217;Olimpico contro la <strong>Roma<\/strong><em><strong>.<\/strong> &#8220;Saelemaekers ieri stava molto meglio, oggi decider\u00f2 se farlo partire titolare o meno<\/em> &#8211; ha aggiunto il mister rossonero in conferenza stampa, soffermandosi sull&#8217;infermeria <em>&#8211; Gimenez sar\u00e0 sicuramente una bella risorsa per il finale di stagione. Leao? Sta convivendo ancora con questo piccolo problema, ha un p\u00f2 di infiammazione sull&#8217;adduttore-pube. E&#8217; un dolore minimo e un p\u00f2 fastidioso, per\u00f2 sar\u00e0 a disposizione&#8221;<\/em>.<div id=\"div-gpt-ad-Messinaoggi.it-DSK-300x250-corpoart\" style=\"text-align:center;margin:0 auto;\"><\/div><\/p>\n<p>Tornando sulla Roma, l&#8217;allenatore toscano ha ammesso che <em>&#8220;i giallorossi non sono una sorpresa, sapevo che con Gasperini ce li saremo trovati l\u00ec per lottare per la Champions. Ci sono quattro squadre per tre posti, l&#8217;Inter ha una proiezione da 90 punti ed \u00e8 la favorita per lo scudetto, \u00e8 matematica. Sperando che le squadre in Europa vadano il pi\u00f9 avanti possibile, cos\u00ec ci saranno cinque posti in Champions, altrimenti una rimarr\u00e0 fuori&#8221;.<\/em> Sul tema mercato:<em> &#8220;L&#8217;arrivo immediato di Fullkrug \u00e8 stato un acquisto molto azzeccato, ci ha dato subito una grossa mano. La societ\u00e0 sta lavorando, io sono molto contento della rosa: o la miglioriamo o rimaniamo cos\u00ec&#8221;<\/em>. Il Milan, a differenza delle sue rivali, non ha impegni europei:<em> &#8220;Tre partite in tre settimane? Pi\u00f9 che a livello atletico \u00e8 questione di mantenere l&#8217;attenzione alta. Giochiamo quando ci hanno detto di giocare, cerchiamo di fare punti, che \u00e8 la cosa pi\u00f9 importante. E&#8217; sicuramente anomalo<\/em> &#8211; ha concluso Allegri &#8211; <em>ma non possiamo farci altro, non perdiamo energie su cose che non possiamo cambiare&#8221;.<\/em><div id=\"videoincontent\" style=\"clear:both\";><\/div><\/p>\n<p>&#8211; Foto Ipa Agency &#8211;<\/p>\n<p>(ITALPRESS).<\/p><\/div>\n","protected":false},"excerpt":{"rendered":"<p>MILANO (ITALPRESS) &#8211; &#8220;La visita della propriet\u00e0 ha fatto molto piacere a tutti. E&#8217; un momento importante della stagione in cui ci giochiamo il nostro obiettivo finale, l&#8217;ingresso in Champions League. Dobbiamo pensare solo al campo, domani affronteremo una partita contro una squadra che sta lottando con noi per entrare nei primi quattro posti. Gasperini [&hellip;]<\/p>\n","protected":false},"author":18,"featured_media":259859,"comment_status":"closed","ping_status":"closed","sticky":false,"template":"","format":"standard","meta":{"ub_ctt_via":"","_mi_skip_tracking":false},"categories":[446],"tags":[783],"featured_image_src":"https:\/\/www.messinaoggi.it\/website\/wp-content\/uploads\/2026\/01\/20260124_0789.jpg","author_info":{"display_name":"Admin","author_link":"https:\/\/www.messinaoggi.it\/website\/author\/admin\/"},"digistream_id":0,"digistream":false,"_links":{"self":[{"href":"https:\/\/www.messinaoggi.it\/website\/wp-json\/wp\/v2\/posts\/259858"}],"collection":[{"href":"https:\/\/www.messinaoggi.it\/website\/wp-json\/wp\/v2\/posts"}],"about":[{"href":"https:\/\/www.messinaoggi.it\/website\/wp-json\/wp\/v2\/types\/post"}],"author":[{"embeddable":true,"href":"https:\/\/www.messinaoggi.it\/website\/wp-json\/wp\/v2\/users\/18"}],"replies":[{"embeddable":true,"href":"https:\/\/www.messinaoggi.it\/website\/wp-json\/wp\/v2\/comments?post=259858"}],"version-history":[{"count":0,"href":"https:\/\/www.messinaoggi.it\/website\/wp-json\/wp\/v2\/posts\/259858\/revisions"}],"wp:featuredmedia":[{"embeddable":true,"href":"https:\/\/www.messinaoggi.it\/website\/wp-json\/wp\/v2\/media\/259859"}],"wp:attachment":[{"href":"https:\/\/www.messinaoggi.it\/website\/wp-json\/wp\/v2\/media?parent=259858"}],"wp:term":[{"taxonomy":"category","embeddable":true,"href":"https:\/\/www.messinaoggi.it\/website\/wp-json\/wp\/v2\/categories?post=259858"},{"taxonomy":"post_tag","embeddable":true,"href":"https:\/\/www.messinaoggi.it\/website\/wp-json\/wp\/v2\/tags?post=259858"}],"curies":[{"name":"wp","href":"https:\/\/api.w.org\/{rel}","templated":true}]}}