{"id":259852,"date":"2026-01-24T12:11:33","date_gmt":"2026-01-24T11:11:33","guid":{"rendered":"http:\/\/www.messinaoggi.it\/website\/?p=259852"},"modified":"2026-01-24T12:11:38","modified_gmt":"2026-01-24T11:11:38","slug":"danneggiamenti-papardo-andronico-uil-fpl-subito-il-comitato-per-la-sicurezza","status":"publish","type":"post","link":"https:\/\/www.messinaoggi.it\/website\/2026\/01\/24\/danneggiamenti-papardo-andronico-uil-fpl-subito-il-comitato-per-la-sicurezza\/","title":{"rendered":"Danneggiamenti Papardo, Andronico (Uil-Fpl): &#8220;Subito il Comitato per la sicurezza&#8221;"},"content":{"rendered":"\n<p>Nuovi danneggiamenti ieri pomeriggio all\u2019interno del parcheggio dell\u2019ospedale Papardo. Almeno tre le auto cui sono state tagliate le gomme. Vetture di propriet\u00e0 di personale in servizio. Episodi inquietanti che hanno spinto la Uil-Fpl di Messina a prendere una posizione forte. La scorsa settimana l\u2019organizzazione sindacale aveva lanciato l\u2019allarme chiedendo maggiori controlli e l\u2019adozione di misure tendenti a contrastare il fenomeno. \u00a0 <div id=\"div-gpt-ad-Messinaoggi.it-DSK-300x250-corpoart\" style=\"text-align:center;margin:0 auto;\"><\/div><\/p>\n\n\n\n<p>\u201c<em>Non si tratta di episodi isolati \u2013 afferma <strong>Livio Andronico<\/strong>, segretario generale della Uil-Fpl Messina -, ieri ancora danneggiamenti che hanno coinvolto automobili di propriet\u00e0 del personale dell\u2019ospedale Papardo. Episodi che esulano dai danneggiamenti ma che temiamo possano essere diretti a chi opera nell\u2019azienda ospedaliera. Per questo motivo chiediamo a Sua eccellenza il prefetto di attenzionare il problema perch\u00e9 al Papardo si vive un clima di terrore. Al di l\u00e0 dei danni materiali, i lavoratori temono anche per la propria incolumit\u00e0. Sarebbe opportuno, ove la Prefetta di Messina lo ritenesse opportuno, di convocare il Comitato per l\u2019Ordine e la Sicurezza pubblica<\/em>\u201d. \u00a0 <div id=\"videoincontent\" style=\"clear:both\";><\/div><\/p>\n\n\n\n<p>Conclude <strong>Livio Andronico<\/strong>.<\/p>\n","protected":false},"excerpt":{"rendered":"<p>Nuovi danneggiamenti ieri pomeriggio all\u2019interno del parcheggio dell\u2019ospedale Papardo. Almeno tre le auto cui sono state tagliate le gomme. Vetture di propriet\u00e0 di personale in servizio. Episodi inquietanti che hanno spinto la Uil-Fpl di Messina a prendere una posizione forte. La scorsa settimana l\u2019organizzazione sindacale aveva lanciato l\u2019allarme chiedendo maggiori controlli e l\u2019adozione di misure [&hellip;]<\/p>\n","protected":false},"author":2,"featured_media":258855,"comment_status":"open","ping_status":"open","sticky":false,"template":"","format":"standard","meta":{"ub_ctt_via":"","_mi_skip_tracking":false},"categories":[6],"tags":[10200,9681,12657,2462,3618,115],"featured_image_src":"https:\/\/www.messinaoggi.it\/website\/wp-content\/uploads\/2026\/01\/IMG_1288-scaled.jpg","author_info":{"display_name":"Redazione","author_link":"https:\/\/www.messinaoggi.it\/website\/author\/redazione\/"},"digistream_id":0,"digistream":false,"_links":{"self":[{"href":"https:\/\/www.messinaoggi.it\/website\/wp-json\/wp\/v2\/posts\/259852"}],"collection":[{"href":"https:\/\/www.messinaoggi.it\/website\/wp-json\/wp\/v2\/posts"}],"about":[{"href":"https:\/\/www.messinaoggi.it\/website\/wp-json\/wp\/v2\/types\/post"}],"author":[{"embeddable":true,"href":"https:\/\/www.messinaoggi.it\/website\/wp-json\/wp\/v2\/users\/2"}],"replies":[{"embeddable":true,"href":"https:\/\/www.messinaoggi.it\/website\/wp-json\/wp\/v2\/comments?post=259852"}],"version-history":[{"count":1,"href":"https:\/\/www.messinaoggi.it\/website\/wp-json\/wp\/v2\/posts\/259852\/revisions"}],"predecessor-version":[{"id":259853,"href":"https:\/\/www.messinaoggi.it\/website\/wp-json\/wp\/v2\/posts\/259852\/revisions\/259853"}],"wp:featuredmedia":[{"embeddable":true,"href":"https:\/\/www.messinaoggi.it\/website\/wp-json\/wp\/v2\/media\/258855"}],"wp:attachment":[{"href":"https:\/\/www.messinaoggi.it\/website\/wp-json\/wp\/v2\/media?parent=259852"}],"wp:term":[{"taxonomy":"category","embeddable":true,"href":"https:\/\/www.messinaoggi.it\/website\/wp-json\/wp\/v2\/categories?post=259852"},{"taxonomy":"post_tag","embeddable":true,"href":"https:\/\/www.messinaoggi.it\/website\/wp-json\/wp\/v2\/tags?post=259852"}],"curies":[{"name":"wp","href":"https:\/\/api.w.org\/{rel}","templated":true}]}}