{"id":259850,"date":"2026-01-24T12:06:53","date_gmt":"2026-01-24T11:06:53","guid":{"rendered":"https:\/\/www.messinaoggi.it\/website\/2026\/01\/24\/crans-montana-italia-richiama-ambasciatore-in-svizzera-tajani-indignati\/"},"modified":"2026-01-24T12:06:53","modified_gmt":"2026-01-24T11:06:53","slug":"crans-montana-italia-richiama-ambasciatore-in-svizzera-tajani-indignati","status":"publish","type":"post","link":"https:\/\/www.messinaoggi.it\/website\/2026\/01\/24\/crans-montana-italia-richiama-ambasciatore-in-svizzera-tajani-indignati\/","title":{"rendered":"Crans Montana, Italia richiama ambasciatore in Svizzera. Tajani \u201cIndignati\u201d"},"content":{"rendered":"<div>ROMA (ITALPRESS) &#8211; Il presidente del Consiglio Giorgia Meloni e il Ministro degli Esteri Antonio Tajani hanno dato istruzione all&#8217;Ambasciatore d&#8217;Italia in Svizzera Gian Lorenzo Cornado di prendere immediatamente contatto con la procuratrice generale del Canton Vallese B\u00e8atrice Pilloud &#8220;per rappresentarle la viva indignazione del Governo e dell&#8217;Italia di fronte alla decisione del Tribunale delle Misure Coercitive di Sion di scarcerare Jacques Moretti, nonostante l&#8217;estrema gravit\u00e0 del reato di cui \u00e8 sospettato, le pesanti responsabilit\u00e0 che incombono su di lui, il persistente pericolo di fuga e l&#8217;evidente rischio di ulteriore inquinamento delle prove a suo carico&#8221;. <br \/>&#8220;Una decisione che rappresenta una grave offesa e una ulteriore ferita inferta alle famiglie delle vittime della tragedia di Crans-Montana e di coloro che sono tuttora ricoverati in ospedale. L&#8217;Italia tutta chiede a gran voce verit\u00e0 e giustizia, e chiede che a ridosso di questa sciagura vengano adottati provvedimenti rispettosi, che tengano pienamente conto delle sofferenze e delle aspettative delle famiglie&#8221;.<br \/>Il Presidente del Consiglio Giorgia Meloni ed il Ministro degli Esteri Antonio Tajani hanno quindi disposto &#8220;il richiamo a Roma dell&#8217;Ambasciatore Cornado per definire le ulteriori azioni da intraprendere&#8221;.<br \/>&#8220;Ci aspettiamo che la magistratura Svizzera acceleri i tempi del procedimento penale. Gi\u00e0 \u00e8 partito in ritardo, c&#8217;\u00e8 da vedere molto, siamo profondamenti indignati, come genitori e nonni. E&#8217; inaccettabile ci\u00f2 che \u00e8 accaduto, la lentezza della giustizia e il fatto di rimettere in libert\u00e0 il responsabile&#8221;. Cos\u00ec il vicepreier e il ministro degli Esteri Antonio Tajani a Sky Tg24 dopo la decisione dell&#8217;Italia di richiamare l&#8217;ambasciatore in Svizzera. &#8220;La cauzione? Vediamo chi sono questi amici, ma su questo sono garantista. I due sono oggetrtivamente resposnabili di quanto accaduto perch\u00e8 sono i titolari di un locale che ha preso fuoco a causa dei pannelli, non c&#8217;era l&#8217;uscita di sicurezza, solo una stretta che era chiusa a chiave e c&#8217;era anche un mobile che ostruiva l&#8217;uscita. Non bisognava permettere di andare con le candele verso i soffitti, la padrona stava li e quello che accadeva lo sapeva. Non \u00e8 stato un terremoto, ma una cosa che doveva esssere impedita. C&#8217;\u00e8 una resposanabilit\u00e0 oggettiva e rimettere in libert\u00e0 il proprietario del locale indigna. Non possiamo permettre che il popolo italiano venga offeso in questa maniera&#8221;.<div id=\"div-gpt-ad-Messinaoggi.it-DSK-300x250-corpoart\" style=\"text-align:center;margin:0 auto;\"><\/div><\/p>\n<p>&#8211; Foto: Ipa Agency &#8211; <div id=\"videoincontent\" style=\"clear:both\";><\/div><\/p>\n<p>(ITALPRESS).<\/p><\/div>\n","protected":false},"excerpt":{"rendered":"<p>ROMA (ITALPRESS) &#8211; Il presidente del Consiglio Giorgia Meloni e il Ministro degli Esteri Antonio Tajani hanno dato istruzione all&#8217;Ambasciatore d&#8217;Italia in Svizzera Gian Lorenzo Cornado di prendere immediatamente contatto con la procuratrice generale del Canton Vallese B\u00e8atrice Pilloud &#8220;per rappresentarle la viva indignazione del Governo e dell&#8217;Italia di fronte alla decisione del Tribunale delle [&hellip;]<\/p>\n","protected":false},"author":18,"featured_media":259851,"comment_status":"closed","ping_status":"closed","sticky":false,"template":"","format":"standard","meta":{"ub_ctt_via":"","_mi_skip_tracking":false},"categories":[446],"tags":[783],"featured_image_src":"https:\/\/www.messinaoggi.it\/website\/wp-content\/uploads\/2026\/01\/20260124_0468.jpg","author_info":{"display_name":"Admin","author_link":"https:\/\/www.messinaoggi.it\/website\/author\/admin\/"},"digistream_id":0,"digistream":false,"_links":{"self":[{"href":"https:\/\/www.messinaoggi.it\/website\/wp-json\/wp\/v2\/posts\/259850"}],"collection":[{"href":"https:\/\/www.messinaoggi.it\/website\/wp-json\/wp\/v2\/posts"}],"about":[{"href":"https:\/\/www.messinaoggi.it\/website\/wp-json\/wp\/v2\/types\/post"}],"author":[{"embeddable":true,"href":"https:\/\/www.messinaoggi.it\/website\/wp-json\/wp\/v2\/users\/18"}],"replies":[{"embeddable":true,"href":"https:\/\/www.messinaoggi.it\/website\/wp-json\/wp\/v2\/comments?post=259850"}],"version-history":[{"count":0,"href":"https:\/\/www.messinaoggi.it\/website\/wp-json\/wp\/v2\/posts\/259850\/revisions"}],"wp:featuredmedia":[{"embeddable":true,"href":"https:\/\/www.messinaoggi.it\/website\/wp-json\/wp\/v2\/media\/259851"}],"wp:attachment":[{"href":"https:\/\/www.messinaoggi.it\/website\/wp-json\/wp\/v2\/media?parent=259850"}],"wp:term":[{"taxonomy":"category","embeddable":true,"href":"https:\/\/www.messinaoggi.it\/website\/wp-json\/wp\/v2\/categories?post=259850"},{"taxonomy":"post_tag","embeddable":true,"href":"https:\/\/www.messinaoggi.it\/website\/wp-json\/wp\/v2\/tags?post=259850"}],"curies":[{"name":"wp","href":"https:\/\/api.w.org\/{rel}","templated":true}]}}