{"id":259848,"date":"2026-01-24T12:06:51","date_gmt":"2026-01-24T11:06:51","guid":{"rendered":"https:\/\/www.messinaoggi.it\/website\/2026\/01\/24\/orsini-da-parlamento-ue-voto-miope-su-mercosur\/"},"modified":"2026-01-24T12:16:54","modified_gmt":"2026-01-24T11:16:54","slug":"orsini-da-parlamento-ue-voto-miope-su-mercosur","status":"publish","type":"post","link":"https:\/\/www.messinaoggi.it\/website\/2026\/01\/24\/orsini-da-parlamento-ue-voto-miope-su-mercosur\/","title":{"rendered":"Orsini \u201cDa Parlamento Ue voto miope su Mercosur\u201d"},"content":{"rendered":"<div>MILANO (ITALPRESS) &#8211; <em>&#8220;Io credo che in un momento come questo, con le tensioni geopolitiche internazionali, l&#8217;Europa debba essere forte e capace di dimostrare la sua compattezza. Io credo che il voto avvenuto la settimana scorsa sia un voto molto molto miope&#8221;. <\/em>Lo ha detto il presidente di <strong>Confindustria<\/strong> Emanuele <strong>Orsini<\/strong> in videocollegamento con il <strong>Forum Internazionale del Turismo a Milano<\/strong> riferendosi al voto del Parlamento Europeo sull&#8217;accordo UE-Mercosur, respinto con una maggioranza di appena 10 voti.<div id=\"div-gpt-ad-Messinaoggi.it-DSK-300x250-corpoart\" style=\"text-align:center;margin:0 auto;\"><\/div><\/p>\n<p>Secondo Orsini, l&#8217;accordo con i paesi del Mercosur <em>&#8220;per il nostro paese vuol dire riuscire a esportare 14,5 miliardi di prodotti. Io condivido la reciprocit\u00e0 degli agricoltori, ovvero il fatto che i produttori che entrano ed escono devono avere la stessa qualit\u00e0, ma non dimentichiamo la capacit\u00e0 di essere capillari nel mondo come l&#8217;Italia ha dimostrato di riuscire meglio di altri paesi negli accordi commerciali&#8221;.<\/em><div id=\"videoincontent\" style=\"clear:both\";><\/div><\/p>\n<p><em>&#8220;Un mercato del Mercosur da 700 milioni di persone pu\u00f2 non dico superare gli Stati Uniti, ma dare un&#8217;alternativa di un mercato enorme che non possiamo perdere &#8211;<\/em> ha aggiunto &#8211;<em> Mi aspetto che dopo il Mercosur ci possa essere <\/em>[un accordo commerciale con, ndr]<em> l&#8217;India e incrementare i mercati dell&#8217;Arabia Saudita. Credo che la capacit\u00e0 di reciprocit\u00e0 sia fondamentale, quindi chiudersi \u00e8 veramente miope. Bene la reciprocit\u00e0, ma non deve finire nel fare male l&#8217;Italia perch\u00e8 perdere la capacit\u00e0 di esportare \u00e8 una cosa da pazzi. Il voto degli ultimi giorni \u00e8 un grande problema per la tenuta stessa dell&#8217;Europa&#8221;.<\/em><\/p>\n<p>Il presidente Orsini ha poi sottolineato come il vero tema sia <em>&#8220;mettere gli interessi generali del paese davanti ai propri. Quindi, credo che oggi non bisogna avere paura di riuscire a essere competitivi nel mondo&#8221;.<\/em><\/p>\n<p>&#8211; Foto: Ipa Agency &#8211;<\/p>\n<p>(ITALPRESS).<\/p><\/div>\n","protected":false},"excerpt":{"rendered":"<p>MILANO (ITALPRESS) &#8211; &#8220;Io credo che in un momento come questo, con le tensioni geopolitiche internazionali, l&#8217;Europa debba essere forte e capace di dimostrare la sua compattezza. Io credo che il voto avvenuto la settimana scorsa sia un voto molto molto miope&#8221;. Lo ha detto il presidente di Confindustria Emanuele Orsini in videocollegamento con il [&hellip;]<\/p>\n","protected":false},"author":18,"featured_media":259849,"comment_status":"closed","ping_status":"closed","sticky":false,"template":"","format":"standard","meta":{"ub_ctt_via":"","_mi_skip_tracking":false},"categories":[446,4],"tags":[783],"featured_image_src":"https:\/\/www.messinaoggi.it\/website\/wp-content\/uploads\/2026\/01\/20260124_0444.jpg","author_info":{"display_name":"Admin","author_link":"https:\/\/www.messinaoggi.it\/website\/author\/admin\/"},"digistream_id":0,"digistream":false,"_links":{"self":[{"href":"https:\/\/www.messinaoggi.it\/website\/wp-json\/wp\/v2\/posts\/259848"}],"collection":[{"href":"https:\/\/www.messinaoggi.it\/website\/wp-json\/wp\/v2\/posts"}],"about":[{"href":"https:\/\/www.messinaoggi.it\/website\/wp-json\/wp\/v2\/types\/post"}],"author":[{"embeddable":true,"href":"https:\/\/www.messinaoggi.it\/website\/wp-json\/wp\/v2\/users\/18"}],"replies":[{"embeddable":true,"href":"https:\/\/www.messinaoggi.it\/website\/wp-json\/wp\/v2\/comments?post=259848"}],"version-history":[{"count":1,"href":"https:\/\/www.messinaoggi.it\/website\/wp-json\/wp\/v2\/posts\/259848\/revisions"}],"predecessor-version":[{"id":259856,"href":"https:\/\/www.messinaoggi.it\/website\/wp-json\/wp\/v2\/posts\/259848\/revisions\/259856"}],"wp:featuredmedia":[{"embeddable":true,"href":"https:\/\/www.messinaoggi.it\/website\/wp-json\/wp\/v2\/media\/259849"}],"wp:attachment":[{"href":"https:\/\/www.messinaoggi.it\/website\/wp-json\/wp\/v2\/media?parent=259848"}],"wp:term":[{"taxonomy":"category","embeddable":true,"href":"https:\/\/www.messinaoggi.it\/website\/wp-json\/wp\/v2\/categories?post=259848"},{"taxonomy":"post_tag","embeddable":true,"href":"https:\/\/www.messinaoggi.it\/website\/wp-json\/wp\/v2\/tags?post=259848"}],"curies":[{"name":"wp","href":"https:\/\/api.w.org\/{rel}","templated":true}]}}