{"id":259836,"date":"2026-01-24T09:36:46","date_gmt":"2026-01-24T08:36:46","guid":{"rendered":"http:\/\/www.messinaoggi.it\/website\/?p=259836"},"modified":"2026-01-24T09:36:58","modified_gmt":"2026-01-24T08:36:58","slug":"de-luca-vuole-i-poteri-speciali-scurria-non-e-tempo-di-inutili-richieste","status":"publish","type":"post","link":"https:\/\/www.messinaoggi.it\/website\/2026\/01\/24\/de-luca-vuole-i-poteri-speciali-scurria-non-e-tempo-di-inutili-richieste\/","title":{"rendered":"De Luca vuole i poteri speciali, Scurria: &#8220;Non \u00e8 tempo di inutili richieste&#8221;"},"content":{"rendered":"\n<p>Il problema, sollevato da Cateno De Luca, sarebbero i poteri speciali da assegnare ai sindaci dei Comuni colpiti dalle violente mareggiate. Non si \u00e8 ancora conclusa la stima dei danni e, quindi non \u00e8 stata indicata la portata degli stanziamenti, e gi\u00e0 si \u201cpolemizza\u201d su un tema che stuzzica le \u201cfantasie\u201d di chi vorrebbe gestire motu proprio i fondi che Stato e Regione riverseranno sulle zone danneggiate.<div id=\"div-gpt-ad-Messinaoggi.it-DSK-300x250-corpoart\" style=\"text-align:center;margin:0 auto;\"><\/div><\/p>\n\n\n\n<p>Da qualche giorno Cateno De Luca ripete come un mantra che le procedure vanno agevolate, parla dei poteri da assegnare ai sindaci e stamattina, con una diretta Social parla di qualcuno che vuole mettere le mani sulla marmellata. A chi si riferisce non \u00e8 dato sapere.<div id=\"videoincontent\" style=\"clear:both\";><\/div><\/p>\n\n\n\n<p>Alle \u201cfantasie\u201d di Cateno De Luca ha risposto sempre via Social, l\u2019avvocato Marcello Scurria, in rappresentanza del Comitato \u201cPartecipazione\u201d. \u201c<em>I poteri speciali non diventano pi\u00f9 speciali a richiesta. Una calamit\u00e0 naturale non \u00e8 una corsa di Formula 1. Non \u00e8 il tempo per inutili proteste preventive\u201d.<\/em><\/p>\n","protected":false},"excerpt":{"rendered":"<p>Il problema, sollevato da Cateno De Luca, sarebbero i poteri speciali da assegnare ai sindaci dei Comuni colpiti dalle violente mareggiate. Non si \u00e8 ancora conclusa la stima dei danni e, quindi non \u00e8 stata indicata la portata degli stanziamenti, e gi\u00e0 si \u201cpolemizza\u201d su un tema che stuzzica le \u201cfantasie\u201d di chi vorrebbe gestire [&hellip;]<\/p>\n","protected":false},"author":2,"featured_media":259738,"comment_status":"open","ping_status":"open","sticky":false,"template":"","format":"standard","meta":{"ub_ctt_via":"","_mi_skip_tracking":false},"categories":[19],"tags":[126,12539,11196,12656],"featured_image_src":"https:\/\/www.messinaoggi.it\/website\/wp-content\/uploads\/2026\/01\/72835874-c4fe-446b-9543-4ad75a77995b.jpg","author_info":{"display_name":"Redazione","author_link":"https:\/\/www.messinaoggi.it\/website\/author\/redazione\/"},"digistream_id":0,"digistream":false,"_links":{"self":[{"href":"https:\/\/www.messinaoggi.it\/website\/wp-json\/wp\/v2\/posts\/259836"}],"collection":[{"href":"https:\/\/www.messinaoggi.it\/website\/wp-json\/wp\/v2\/posts"}],"about":[{"href":"https:\/\/www.messinaoggi.it\/website\/wp-json\/wp\/v2\/types\/post"}],"author":[{"embeddable":true,"href":"https:\/\/www.messinaoggi.it\/website\/wp-json\/wp\/v2\/users\/2"}],"replies":[{"embeddable":true,"href":"https:\/\/www.messinaoggi.it\/website\/wp-json\/wp\/v2\/comments?post=259836"}],"version-history":[{"count":1,"href":"https:\/\/www.messinaoggi.it\/website\/wp-json\/wp\/v2\/posts\/259836\/revisions"}],"predecessor-version":[{"id":259837,"href":"https:\/\/www.messinaoggi.it\/website\/wp-json\/wp\/v2\/posts\/259836\/revisions\/259837"}],"wp:featuredmedia":[{"embeddable":true,"href":"https:\/\/www.messinaoggi.it\/website\/wp-json\/wp\/v2\/media\/259738"}],"wp:attachment":[{"href":"https:\/\/www.messinaoggi.it\/website\/wp-json\/wp\/v2\/media?parent=259836"}],"wp:term":[{"taxonomy":"category","embeddable":true,"href":"https:\/\/www.messinaoggi.it\/website\/wp-json\/wp\/v2\/categories?post=259836"},{"taxonomy":"post_tag","embeddable":true,"href":"https:\/\/www.messinaoggi.it\/website\/wp-json\/wp\/v2\/tags?post=259836"}],"curies":[{"name":"wp","href":"https:\/\/api.w.org\/{rel}","templated":true}]}}