{"id":259805,"date":"2026-01-23T19:14:34","date_gmt":"2026-01-23T18:14:34","guid":{"rendered":"http:\/\/www.messinaoggi.it\/website\/?p=259805"},"modified":"2026-01-23T19:14:36","modified_gmt":"2026-01-23T18:14:36","slug":"ferrovie-domani-riapre-la-tratta-taormina-catania-siracusa","status":"publish","type":"post","link":"https:\/\/www.messinaoggi.it\/website\/2026\/01\/23\/ferrovie-domani-riapre-la-tratta-taormina-catania-siracusa\/","title":{"rendered":"Ferrovie, domani riapre la tratta Taormina-Catania-Siracusa"},"content":{"rendered":"\n<p>Circolazione ferroviaria in ripresa in Sicilia, dopo l\u2019eccezionale ondata di maltempo dei giorni scorsi.<div id=\"div-gpt-ad-Messinaoggi.it-DSK-300x250-corpoart\" style=\"text-align:center;margin:0 auto;\"><\/div><\/p>\n\n\n\n<p>Domani sar\u00e0 riaperta con la normale offerta commerciale la tratta Taormina-Catania-Siracusa; a pieno regime anche la Palermo-Catania, riattivata progressivamente dalla giornata di ieri.<div id=\"videoincontent\" style=\"clear:both\";><\/div><\/p>\n\n\n\n<p>I tecnici di Rete Ferroviaria Italiana sono gi\u00e0 al lavoro, fra Giampilieri e Taormina, per rimuovere detriti e oggetti di varie dimensioni trasportati dal mare sui binari e per ripristinare le infrastrutture ferroviarie danneggiate dalle mareggiate. L\u2019organizzazione delle attivit\u00e0 di ripristino prevede di lavorare contemporaneamente su pi\u00f9 fronti e sono gi\u00e0 in fase di allestimento i cantieri per la completa ricostruzione di ampi tratti di rilevato ferroviario fra Giampilieri e Al\u00ec Terme, a Scaletta, S. Alessio, Letojanni e Taormina.<\/p>\n\n\n\n<p>Gi\u00e0 ripristinate infrastrutture e apparati tecnologici nella stazione di Catania Centrale, danneggiati dalle mareggiate che nei giorni scorsi hanno allagato il piano binari, e ricostruito anche un palo della trazione elettrica ferroviaria fra Giarre e Acireale, danneggiato dalla caduta di alberi.<\/p>\n","protected":false},"excerpt":{"rendered":"<p>Circolazione ferroviaria in ripresa in Sicilia, dopo l\u2019eccezionale ondata di maltempo dei giorni scorsi. Domani sar\u00e0 riaperta con la normale offerta commerciale la tratta Taormina-Catania-Siracusa; a pieno regime anche la Palermo-Catania, riattivata progressivamente dalla giornata di ieri. I tecnici di Rete Ferroviaria Italiana sono gi\u00e0 al lavoro, fra Giampilieri e Taormina, per rimuovere detriti e [&hellip;]<\/p>\n","protected":false},"author":2,"featured_media":259537,"comment_status":"open","ping_status":"open","sticky":false,"template":"","format":"standard","meta":{"ub_ctt_via":"","_mi_skip_tracking":false},"categories":[6],"tags":[12539,3346,4115,12645],"featured_image_src":"https:\/\/www.messinaoggi.it\/website\/wp-content\/uploads\/2026\/01\/IMG_1375.jpg","author_info":{"display_name":"Redazione","author_link":"https:\/\/www.messinaoggi.it\/website\/author\/redazione\/"},"digistream_id":0,"digistream":false,"_links":{"self":[{"href":"https:\/\/www.messinaoggi.it\/website\/wp-json\/wp\/v2\/posts\/259805"}],"collection":[{"href":"https:\/\/www.messinaoggi.it\/website\/wp-json\/wp\/v2\/posts"}],"about":[{"href":"https:\/\/www.messinaoggi.it\/website\/wp-json\/wp\/v2\/types\/post"}],"author":[{"embeddable":true,"href":"https:\/\/www.messinaoggi.it\/website\/wp-json\/wp\/v2\/users\/2"}],"replies":[{"embeddable":true,"href":"https:\/\/www.messinaoggi.it\/website\/wp-json\/wp\/v2\/comments?post=259805"}],"version-history":[{"count":1,"href":"https:\/\/www.messinaoggi.it\/website\/wp-json\/wp\/v2\/posts\/259805\/revisions"}],"predecessor-version":[{"id":259806,"href":"https:\/\/www.messinaoggi.it\/website\/wp-json\/wp\/v2\/posts\/259805\/revisions\/259806"}],"wp:featuredmedia":[{"embeddable":true,"href":"https:\/\/www.messinaoggi.it\/website\/wp-json\/wp\/v2\/media\/259537"}],"wp:attachment":[{"href":"https:\/\/www.messinaoggi.it\/website\/wp-json\/wp\/v2\/media?parent=259805"}],"wp:term":[{"taxonomy":"category","embeddable":true,"href":"https:\/\/www.messinaoggi.it\/website\/wp-json\/wp\/v2\/categories?post=259805"},{"taxonomy":"post_tag","embeddable":true,"href":"https:\/\/www.messinaoggi.it\/website\/wp-json\/wp\/v2\/tags?post=259805"}],"curies":[{"name":"wp","href":"https:\/\/api.w.org\/{rel}","templated":true}]}}