{"id":259776,"date":"2026-01-23T16:07:20","date_gmt":"2026-01-23T15:07:20","guid":{"rendered":"https:\/\/www.messinaoggi.it\/website\/2026\/01\/23\/andy-diaz-devo-tutto-allitalia-mi-piacerebbe-gareggiare-fino-a-40-anni\/"},"modified":"2026-01-23T19:05:58","modified_gmt":"2026-01-23T18:05:58","slug":"andy-diaz-devo-tutto-allitalia-mi-piacerebbe-gareggiare-fino-a-40-anni","status":"publish","type":"post","link":"https:\/\/www.messinaoggi.it\/website\/2026\/01\/23\/andy-diaz-devo-tutto-allitalia-mi-piacerebbe-gareggiare-fino-a-40-anni\/","title":{"rendered":"Andy Diaz \u201cDevo tutto all\u2019Italia, mi piacerebbe gareggiare fino a 40 anni\u201d"},"content":{"rendered":"<div>ROMA (ITALPRESS) &#8211; <em><strong>&#8220;Il 2025 \u00e8 stata una stagione veramente buona,<\/strong> ma non sono soddisfatto perch\u00e8, anche se ho vinto il Mondiale a Nanchino, l&#8217;Europeo a Apeldoorn (sempre indoor, ndr) ed il mio terzo &#8216;Diamant\u00e8, non ho chiuso, come si dice qui in Italia, con la ciliegina sulla torta. Dovevo fare bene il Mondiale e prendere una medaglia, non ci sono riuscito per un problema all&#8217;adduttore che mi ha impedito di dare il meglio. <strong>Da qui la decisione di fermarci un p\u00f2 per analizzare e recuperare, perch\u00e8 comunque abbiamo fatto quattro anni spingendo sempre molto forte&#8221;<\/strong><\/em>. <strong>Andy Diaz Hernandez<\/strong> riparte idealmente dalla delusione del <strong>sesto posto ottenuto agli ultimi Mondiali outdoor di Tokyo per dichiarare le sue ambizioni per il 2026.<\/strong><div id=\"div-gpt-ad-Messinaoggi.it-DSK-300x250-corpoart\" style=\"text-align:center;margin:0 auto;\"><\/div><\/p>\n<p>Una stagione in cui il trentenne triplista italo-cubano delle <strong>Fiamme Gialle, bronzo alle Olimpiadi di Parigi 2024, dovr\u00e0 gettare le basi in vista dei Giochi Estivi di Los Angeles 2028.<\/strong> &#8220;<em>Ho iniziato ad allenarmi pi\u00f9 o meno da un mese<\/em> &#8211; spiega il campione azzurro in un&#8217;intervista all&#8217;Italpress &#8211; <em>Direi che come sempre i miei obiettivi sono il Mondiale indoor, dove spero di partecipare e di dare il massimo, e poi la stagione all&#8217;aperto, con le tappe della Diamond League. Mi piacerebbe raggiungere il migliore del mondo nella Diamond, Christian Taylor: lui ha vinto cinque &#8216;Diamant\u00ec, io tre, quindi me ne mancano ancora due&#8230;&#8221;.<\/em><div id=\"videoincontent\" style=\"clear:both\";><\/div><\/p>\n<p>Nato a L&#8217;Avana, ha gareggiato fino al 2021 con Cuba per poi rifugiarsi in Italia, accolto sotto l&#8217;ala protettiva di <strong>Fabrizio Donato<\/strong>. &#8220;<em>Come tutti sappiamo, a Cuba ci sono dei problemi e ho dovuto abbandonare la mia famiglia, i miei amici, tutto, e iniziare da zero una nuova vita &#8211; ricorda Andy Diaz, che quasi tre anni fa ha ottenuto la cittadinanza italiana &#8211; Sono arrivato qui in Italia e ho avuto la fortuna di trovare Fabrizio Donato e tutti i suoi amici e colleghi che ci hanno dato una mano. Soprattutto devo ringraziare l&#8217;Italia perch\u00e8, con la cittadinanza, mi ha offerto una seconda vita. Sono rinato, l&#8217;Italia mi ha dato l&#8217;opportunit\u00e0 di continuare a crescere come uomo e come sportivo<\/em>&#8220;.<\/p>\n<p>Diaz \u00e8 un autentico innamorato del Belpaese: &#8220;<em>Dell&#8217;Italia mi piacciono le persone, sono molto simili caratterialmente ai cubani e quindi mi trovo molto bene. E poi sappiamo tutti che la cosa migliore che c&#8217;\u00e8 \u00e8 il cibo, soprattutto la carbonara&#8230; Cosa migliorerei dell&#8217;Italia? Ho tanto di cui ringraziare e niente di cui lamentarmi. Non mi lamento dell&#8217;Italia e dei suoi problemi, tutti i Paesi ne hanno. Grazie all&#8217;Italia ho una nuova vita e sto continuando a sognare, divertendomi nel fare atletica, la cosa pi\u00f9 bella del mondo&#8221;.<\/em><\/p>\n<p>Per sua esperienza diretta, l&#8217;Italia non \u00e8 certo un paese razzista. Tutt&#8217;altro. &#8220;<em>Non ho mai avuto problemi e non l&#8217;ho mai avvertito sulla mia pelle. Ho sempre incontrato persone veramente umane e carine, finora non mi sono mai trovato in una situazione di razzismo. Ho visto delle immagini sui social, per\u00f2 non \u00e8 che per una persona si pu\u00f2 dire che tutta l&#8217;Italia sia razzista&#8221;.<\/em><\/p>\n<p>Diaz, che a ottobre ha preso parte all&#8217;iniziativa di apertura de &#8220;La Scuola \u00e8 Vita&#8221; nell&#8217;ambito del Giubileo del Mondo Educativo, detiene due record nazionali, quello outdoor (17,75 metri) e indoor (17,80). E all&#8217;atletica italiana pu\u00f2 ancora dare molto.<\/p>\n<p><em> &#8220;Diciamo che la mia carriera sportiva \u00e8 iniziata tre anni fa, quando sono arrivato in Italia. Mi piacerebbe arrivare fino a 40 anni, per essere pi\u00f9 o meno pari con il mio allenatore Fabrizio Donato&#8230; Pi\u00f9 o meno, visto che lui ha gareggiato fino a 42. Quindi direi che ho ancora davanti dieci anni di atletica&#8221;.<\/em> E, come sperano tutti gli sportivi azzurri, di altri grandi successi con indosso il tricolore.<\/p>\n<div style=\"width: 640px;\" class=\"wp-video\"><!--[if lt IE 9]><script>document.createElement('video');<\/script><![endif]-->\n<video class=\"wp-video-shortcode\" id=\"video-259776-1\" width=\"640\" height=\"360\" preload=\"metadata\" controls=\"controls\"><source type=\"video\/mp4\" src=\"https:\/\/video.italpress.com\/storage\/news\/video\/2026\/1\/56c6f4c469d712508056a9a52acd9f12a63cf8e9.mp4?_=1\" \/><a href=\"https:\/\/video.italpress.com\/storage\/news\/video\/2026\/1\/56c6f4c469d712508056a9a52acd9f12a63cf8e9.mp4\">https:\/\/video.italpress.com\/storage\/news\/video\/2026\/1\/56c6f4c469d712508056a9a52acd9f12a63cf8e9.mp4<\/a><\/video><\/div>\n<p>&#8211; Foto Italpress &#8211;<br \/>\n(ITALPRESS).<\/p><\/div>\n","protected":false},"excerpt":{"rendered":"<p>ROMA (ITALPRESS) &#8211; &#8220;Il 2025 \u00e8 stata una stagione veramente buona, ma non sono soddisfatto perch\u00e8, anche se ho vinto il Mondiale a Nanchino, l&#8217;Europeo a Apeldoorn (sempre indoor, ndr) ed il mio terzo &#8216;Diamant\u00e8, non ho chiuso, come si dice qui in Italia, con la ciliegina sulla torta. Dovevo fare bene il Mondiale e [&hellip;]<\/p>\n","protected":false},"author":18,"featured_media":259777,"comment_status":"closed","ping_status":"closed","sticky":false,"template":"","format":"standard","meta":{"ub_ctt_via":"","_mi_skip_tracking":false},"categories":[10,446,9],"tags":[783],"featured_image_src":"https:\/\/www.messinaoggi.it\/website\/wp-content\/uploads\/2026\/01\/20260123_1280.jpg","author_info":{"display_name":"Admin","author_link":"https:\/\/www.messinaoggi.it\/website\/author\/admin\/"},"digistream_id":0,"digistream":false,"_links":{"self":[{"href":"https:\/\/www.messinaoggi.it\/website\/wp-json\/wp\/v2\/posts\/259776"}],"collection":[{"href":"https:\/\/www.messinaoggi.it\/website\/wp-json\/wp\/v2\/posts"}],"about":[{"href":"https:\/\/www.messinaoggi.it\/website\/wp-json\/wp\/v2\/types\/post"}],"author":[{"embeddable":true,"href":"https:\/\/www.messinaoggi.it\/website\/wp-json\/wp\/v2\/users\/18"}],"replies":[{"embeddable":true,"href":"https:\/\/www.messinaoggi.it\/website\/wp-json\/wp\/v2\/comments?post=259776"}],"version-history":[{"count":1,"href":"https:\/\/www.messinaoggi.it\/website\/wp-json\/wp\/v2\/posts\/259776\/revisions"}],"predecessor-version":[{"id":259796,"href":"https:\/\/www.messinaoggi.it\/website\/wp-json\/wp\/v2\/posts\/259776\/revisions\/259796"}],"wp:featuredmedia":[{"embeddable":true,"href":"https:\/\/www.messinaoggi.it\/website\/wp-json\/wp\/v2\/media\/259777"}],"wp:attachment":[{"href":"https:\/\/www.messinaoggi.it\/website\/wp-json\/wp\/v2\/media?parent=259776"}],"wp:term":[{"taxonomy":"category","embeddable":true,"href":"https:\/\/www.messinaoggi.it\/website\/wp-json\/wp\/v2\/categories?post=259776"},{"taxonomy":"post_tag","embeddable":true,"href":"https:\/\/www.messinaoggi.it\/website\/wp-json\/wp\/v2\/tags?post=259776"}],"curies":[{"name":"wp","href":"https:\/\/api.w.org\/{rel}","templated":true}]}}