{"id":259724,"date":"2026-01-23T09:58:47","date_gmt":"2026-01-23T08:58:47","guid":{"rendered":"http:\/\/www.messinaoggi.it\/website\/?p=259724"},"modified":"2026-01-23T09:58:48","modified_gmt":"2026-01-23T08:58:48","slug":"sicindustria-subito-risorse-e-interventi-per-il-clima","status":"publish","type":"post","link":"https:\/\/www.messinaoggi.it\/website\/2026\/01\/23\/sicindustria-subito-risorse-e-interventi-per-il-clima\/","title":{"rendered":"Sicindustria: &#8220;Subito risorse e interventi per il clima&#8221;"},"content":{"rendered":"\n<p>\u201cI numeri diffusi dalla Regione fotografano una situazione drammatica: oltre 740 milioni di euro di danni rappresentano un colpo durissimo per la Sicilia\u201d. \u00c8 il commento del presidente di Sicindustria, Luigi Rizzolo, alla prima, provvisoria, stima dei danni causati nell\u2019Isola dal ciclone Harry.\u00a0 \u201cCittadini e imprese \u2013 aggiunge Rizzolo \u2013 si trovano ancora una volta a fronteggiare un\u2019emergenza che non \u00e8 solo climatica, ma strutturale. \u00c8 indispensabile che allo stato di calamit\u00e0 seguano interventi rapidi, concreti e proporzionati all\u2019entit\u00e0 dei danni: servono risorse immediate per la messa in sicurezza dei territori, il ripristino delle infrastrutture e il sostegno alle aziende colpite. Sicindustria \u00e8 pronta a collaborare con la Regione e con il Governo nazionale affinch\u00e9 questa crisi diventi anche l\u2019occasione per accelerare gli investimenti su prevenzione, resilienza e modernizzazione delle infrastrutture. Il cambiamento climatico \u00e8 una realt\u00e0 con cui dobbiamo fare i conti ora: senza una strategia di medio e lungo periodo, le emergenze rischiano di diventare la normalit\u00e0, con conseguenze insostenibili per l\u2019economia del territorio\u201d.<div id=\"div-gpt-ad-Messinaoggi.it-DSK-300x250-corpoart\" style=\"text-align:center;margin:0 auto;\"><\/div><\/p>\n<div id=\"videoincontent\" style=\"clear:both\";><\/div>","protected":false},"excerpt":{"rendered":"<p>\u201cI numeri diffusi dalla Regione fotografano una situazione drammatica: oltre 740 milioni di euro di danni rappresentano un colpo durissimo per la Sicilia\u201d. \u00c8 il commento del presidente di Sicindustria, Luigi Rizzolo, alla prima, provvisoria, stima dei danni causati nell\u2019Isola dal ciclone Harry.\u00a0 \u201cCittadini e imprese \u2013 aggiunge Rizzolo \u2013 si trovano ancora una volta [&hellip;]<\/p>\n","protected":false},"author":2,"featured_media":259410,"comment_status":"open","ping_status":"open","sticky":false,"template":"","format":"standard","meta":{"ub_ctt_via":"","_mi_skip_tracking":false},"categories":[11],"tags":[12539,11196,1075],"featured_image_src":"https:\/\/www.messinaoggi.it\/website\/wp-content\/uploads\/2026\/01\/616234650_26048317598119593_931169329148885441_n.jpg","author_info":{"display_name":"Redazione","author_link":"https:\/\/www.messinaoggi.it\/website\/author\/redazione\/"},"digistream_id":0,"digistream":false,"_links":{"self":[{"href":"https:\/\/www.messinaoggi.it\/website\/wp-json\/wp\/v2\/posts\/259724"}],"collection":[{"href":"https:\/\/www.messinaoggi.it\/website\/wp-json\/wp\/v2\/posts"}],"about":[{"href":"https:\/\/www.messinaoggi.it\/website\/wp-json\/wp\/v2\/types\/post"}],"author":[{"embeddable":true,"href":"https:\/\/www.messinaoggi.it\/website\/wp-json\/wp\/v2\/users\/2"}],"replies":[{"embeddable":true,"href":"https:\/\/www.messinaoggi.it\/website\/wp-json\/wp\/v2\/comments?post=259724"}],"version-history":[{"count":1,"href":"https:\/\/www.messinaoggi.it\/website\/wp-json\/wp\/v2\/posts\/259724\/revisions"}],"predecessor-version":[{"id":259725,"href":"https:\/\/www.messinaoggi.it\/website\/wp-json\/wp\/v2\/posts\/259724\/revisions\/259725"}],"wp:featuredmedia":[{"embeddable":true,"href":"https:\/\/www.messinaoggi.it\/website\/wp-json\/wp\/v2\/media\/259410"}],"wp:attachment":[{"href":"https:\/\/www.messinaoggi.it\/website\/wp-json\/wp\/v2\/media?parent=259724"}],"wp:term":[{"taxonomy":"category","embeddable":true,"href":"https:\/\/www.messinaoggi.it\/website\/wp-json\/wp\/v2\/categories?post=259724"},{"taxonomy":"post_tag","embeddable":true,"href":"https:\/\/www.messinaoggi.it\/website\/wp-json\/wp\/v2\/tags?post=259724"}],"curies":[{"name":"wp","href":"https:\/\/api.w.org\/{rel}","templated":true}]}}