{"id":259720,"date":"2026-01-23T09:43:02","date_gmt":"2026-01-23T08:43:02","guid":{"rendered":"http:\/\/www.messinaoggi.it\/website\/?p=259720"},"modified":"2026-01-23T19:12:00","modified_gmt":"2026-01-23T18:12:00","slug":"danni-ciclone-oggi-schifani-sara-nel-messinese","status":"publish","type":"post","link":"https:\/\/www.messinaoggi.it\/website\/2026\/01\/23\/danni-ciclone-oggi-schifani-sara-nel-messinese\/","title":{"rendered":"Danni ciclone, oggi Schifani sar\u00e0 nel messinese"},"content":{"rendered":"\n<p>Il presidente della Regione Renato Schifani ha programmato per oggi e domani la visita nelle zone di Messina e Catania danneggiate dal ciclone Harry, come annunciato durante il punto stampa di oggi a Palazzo d&#8217;Orl\u00e9ans. Il presidente sar\u00e0 accompagnato dal capo della Protezione civile regionale, Salvo Cocina.<div id=\"div-gpt-ad-Messinaoggi.it-DSK-300x250-corpoart\" style=\"text-align:center;margin:0 auto;\"><\/div><\/p>\n\n\n\n<p>Questo il programma di domani venerd\u00ec 23 gennaio: alle 15.30 un primo sopralluogo a Taormina, a seguire Santa Teresa di Riva, infine, intorno alle 17.30, incontro in Prefettura a Messina con i sindaci e gli operatori balneari dei comuni colpiti. Previsto un punto stampa.<div id=\"videoincontent\" style=\"clear:both\";><\/div><\/p>\n\n\n\n<p>Per sabato 24 gennaio, invece, in programma il sopralluogo dei danni registrati nel Catanese: prima tappa ad Acireale alle 10, a seguire la Playa di Catania e, in chiusura, alle 12.30 incontro in Prefettura a Catania con i sindaci e gli operatori balneari. Anche qui sar\u00e0 previsto un punto stampa.<\/p>\n","protected":false},"excerpt":{"rendered":"<p>Il presidente della Regione Renato Schifani ha programmato per oggi e domani la visita nelle zone di Messina e Catania danneggiate dal ciclone Harry, come annunciato durante il punto stampa di oggi a Palazzo d&#8217;Orl\u00e9ans. Il presidente sar\u00e0 accompagnato dal capo della Protezione civile regionale, Salvo Cocina. Questo il programma di domani venerd\u00ec 23 gennaio: [&hellip;]<\/p>\n","protected":false},"author":2,"featured_media":257201,"comment_status":"open","ping_status":"open","sticky":false,"template":"","format":"standard","meta":{"ub_ctt_via":"","_mi_skip_tracking":false},"categories":[11],"tags":[12539,12634,2517,1817],"featured_image_src":"https:\/\/www.messinaoggi.it\/website\/wp-content\/uploads\/2025\/12\/schifani-ipa-2.jpg","author_info":{"display_name":"Redazione","author_link":"https:\/\/www.messinaoggi.it\/website\/author\/redazione\/"},"digistream_id":0,"digistream":false,"_links":{"self":[{"href":"https:\/\/www.messinaoggi.it\/website\/wp-json\/wp\/v2\/posts\/259720"}],"collection":[{"href":"https:\/\/www.messinaoggi.it\/website\/wp-json\/wp\/v2\/posts"}],"about":[{"href":"https:\/\/www.messinaoggi.it\/website\/wp-json\/wp\/v2\/types\/post"}],"author":[{"embeddable":true,"href":"https:\/\/www.messinaoggi.it\/website\/wp-json\/wp\/v2\/users\/2"}],"replies":[{"embeddable":true,"href":"https:\/\/www.messinaoggi.it\/website\/wp-json\/wp\/v2\/comments?post=259720"}],"version-history":[{"count":1,"href":"https:\/\/www.messinaoggi.it\/website\/wp-json\/wp\/v2\/posts\/259720\/revisions"}],"predecessor-version":[{"id":259721,"href":"https:\/\/www.messinaoggi.it\/website\/wp-json\/wp\/v2\/posts\/259720\/revisions\/259721"}],"wp:featuredmedia":[{"embeddable":true,"href":"https:\/\/www.messinaoggi.it\/website\/wp-json\/wp\/v2\/media\/257201"}],"wp:attachment":[{"href":"https:\/\/www.messinaoggi.it\/website\/wp-json\/wp\/v2\/media?parent=259720"}],"wp:term":[{"taxonomy":"category","embeddable":true,"href":"https:\/\/www.messinaoggi.it\/website\/wp-json\/wp\/v2\/categories?post=259720"},{"taxonomy":"post_tag","embeddable":true,"href":"https:\/\/www.messinaoggi.it\/website\/wp-json\/wp\/v2\/tags?post=259720"}],"curies":[{"name":"wp","href":"https:\/\/api.w.org\/{rel}","templated":true}]}}