{"id":259689,"date":"2026-01-22T19:21:59","date_gmt":"2026-01-22T18:21:59","guid":{"rendered":"http:\/\/www.messinaoggi.it\/website\/?p=259689"},"modified":"2026-01-22T19:22:05","modified_gmt":"2026-01-22T18:22:05","slug":"ciclone-ordine-architetti-serve-pianificazione","status":"publish","type":"post","link":"https:\/\/www.messinaoggi.it\/website\/2026\/01\/22\/ciclone-ordine-architetti-serve-pianificazione\/","title":{"rendered":"Ciclone, Ordine architetti: &#8220;Serve pianificazione&#8221;"},"content":{"rendered":"\n<p>L\u2019Ordine degli Architetti PPC della provincia di Messina esprime la pi\u00f9 profonda solidariet\u00e0 ai Comuni, alle Amministrazioni, ai cittadini, ai professionisti e agli imprenditori colpiti dal ciclone Harry, che ha devastato numerosi territori della provincia di Messina e diverse aree del Sud Italia. Le comunit\u00e0 coinvolte stanno affrontando ore difficili, segnate da danni ingenti, interruzioni dei servizi essenziali e profonde ferite nel tessuto sociale ed economico. A tutte e a tutti va il pi\u00f9 ampio sostegno, umano e professionale.<br>Di fronte a tragedie di questa portata non \u00e8 pi\u00f9 possibile limitarsi alla constatazione dell\u2019ennesimo disastro. La ricaduta sull\u2019ambiente e sulla vita delle persone \u00e8 enorme e ci\u00f2 che emerge con chiarezza \u00e8 la necessit\u00e0 di considerare questi eventi non pi\u00f9 come eccezioni, ma come fenomeni destinati a ripresentarsi ciclicamente. Gli esperti ricordano che il cambiamento climatico render\u00e0 sempre pi\u00f9 frequenti e intensi episodi meteorologici estremi: questa consapevolezza deve diventare la base di ogni scelta pubblica e privata.<br>Occorre superare definitivamente una visione dell\u2019intervento sul territorio ridotta alla sola dimensione tecnica o estetica. Ogni trasformazione incide sulla sicurezza, sulla qualit\u00e0 della vita e sui diritti fondamentali delle Comunit\u00e0. Non si tratta di proporre soluzioni preconfezionate, ma di adottare un approccio capace di tenere insieme memoria dei luoghi, responsabilit\u00e0 sociale e cura del paesaggio, riconoscendo il territorio come un organismo unico con cui relazionarsi con rispetto.<br>Gli eventi di questi giorni dimostrano che la politica non pu\u00f2 pi\u00f9 ignorare la vulnerabilit\u00e0 dei territori. \u00c8 necessario progettare infrastrutture e sistemi insediativi capaci di resistere a eventi estremi che difficilmente continueranno ad avere il carattere della eccezionalit\u00e0. La gestione dei suoli, la sicurezza dei litorali, la regimentazione idraulica dei torrenti, i consolidamenti dei versanti, la manutenzione delle opere esistenti e la prevenzione devono diventare priorit\u00e0 assolute. Una pianificazione pi\u00f9 oculata, fondata su dati, conoscenza e visione di lungo periodo, \u00e8 oggi un dovere istituzionale, professionale e civile.<br>La ricostruzione richiede un cambio di passo: politica, burocrazia e professionisti devono dialogare in modo continuo e costruttivo, condividendo responsabilit\u00e0 e competenze. Servono alleanze stabili tra istituzioni, ordini professionali, imprese e mondo della ricerca, affinch\u00e9 la messa in sicurezza dei territori diventi un percorso strutturale e non un intervento episodico.<br>La normativa deve essere parte attiva del progetto, non un ostacolo; il patrimonio costruito e gli spazi aperti devono essere considerati risorse da valorizzare; la collaborazione tra professionisti e amministrazioni deve essere permanente. Non \u00e8 pi\u00f9 tempo di chiusure, n\u00e9 di retoriche consolatorie.<br>Ci\u00f2 che \u00e8 accaduto nella provincia di Messina \u2013 e pi\u00f9 in generale nel Sud Italia \u2013 non pu\u00f2 e non deve ripetersi. La ricostruzione deve rappresentare un salto culturale, tecnico e istituzionale. \u00c8 il momento della responsabilit\u00e0, della visione e del coraggio.<br>L\u2019intera Comunit\u00e0 degli Architetti PPC della provincia di Messina \u00e8 pronta a fare la propria parte, mettendo a disposizione competenze, esperienza e capacit\u00e0 di mediazione.<div id=\"div-gpt-ad-Messinaoggi.it-DSK-300x250-corpoart\" style=\"text-align:center;margin:0 auto;\"><\/div><\/p>\n\n\n\n<p>Insieme \u00e8 possibile trasformare questa tragedia in un punto di svolta per il futuro dei nostri territori.<div id=\"videoincontent\" style=\"clear:both\";><\/div><\/p>\n","protected":false},"excerpt":{"rendered":"<p>L\u2019Ordine degli Architetti PPC della provincia di Messina esprime la pi\u00f9 profonda solidariet\u00e0 ai Comuni, alle Amministrazioni, ai cittadini, ai professionisti e agli imprenditori colpiti dal ciclone Harry, che ha devastato numerosi territori della provincia di Messina e diverse aree del Sud Italia. Le comunit\u00e0 coinvolte stanno affrontando ore difficili, segnate da danni ingenti, interruzioni [&hellip;]<\/p>\n","protected":false},"author":2,"featured_media":259398,"comment_status":"open","ping_status":"open","sticky":false,"template":"","format":"standard","meta":{"ub_ctt_via":"","_mi_skip_tracking":false},"categories":[6],"tags":[7416,12539,11196,2118,12630],"featured_image_src":"https:\/\/www.messinaoggi.it\/website\/wp-content\/uploads\/2026\/01\/618929667_1438042524572625_7357207770335641463_n.jpg","author_info":{"display_name":"Redazione","author_link":"https:\/\/www.messinaoggi.it\/website\/author\/redazione\/"},"digistream_id":0,"digistream":false,"_links":{"self":[{"href":"https:\/\/www.messinaoggi.it\/website\/wp-json\/wp\/v2\/posts\/259689"}],"collection":[{"href":"https:\/\/www.messinaoggi.it\/website\/wp-json\/wp\/v2\/posts"}],"about":[{"href":"https:\/\/www.messinaoggi.it\/website\/wp-json\/wp\/v2\/types\/post"}],"author":[{"embeddable":true,"href":"https:\/\/www.messinaoggi.it\/website\/wp-json\/wp\/v2\/users\/2"}],"replies":[{"embeddable":true,"href":"https:\/\/www.messinaoggi.it\/website\/wp-json\/wp\/v2\/comments?post=259689"}],"version-history":[{"count":1,"href":"https:\/\/www.messinaoggi.it\/website\/wp-json\/wp\/v2\/posts\/259689\/revisions"}],"predecessor-version":[{"id":259690,"href":"https:\/\/www.messinaoggi.it\/website\/wp-json\/wp\/v2\/posts\/259689\/revisions\/259690"}],"wp:featuredmedia":[{"embeddable":true,"href":"https:\/\/www.messinaoggi.it\/website\/wp-json\/wp\/v2\/media\/259398"}],"wp:attachment":[{"href":"https:\/\/www.messinaoggi.it\/website\/wp-json\/wp\/v2\/media?parent=259689"}],"wp:term":[{"taxonomy":"category","embeddable":true,"href":"https:\/\/www.messinaoggi.it\/website\/wp-json\/wp\/v2\/categories?post=259689"},{"taxonomy":"post_tag","embeddable":true,"href":"https:\/\/www.messinaoggi.it\/website\/wp-json\/wp\/v2\/tags?post=259689"}],"curies":[{"name":"wp","href":"https:\/\/api.w.org\/{rel}","templated":true}]}}