{"id":25960,"date":"2018-10-25T18:32:29","date_gmt":"2018-10-25T16:32:29","guid":{"rendered":"http:\/\/www.messinaoggi.it\/website\/?p=25960"},"modified":"2018-10-25T18:32:29","modified_gmt":"2018-10-25T16:32:29","slug":"count-down-per-salva-messina-dal-26-al-28-sfilza-di-ragionamenti-con-sindacati-vertici-di-partecipate-e-ad-oltranza-con-servizi-sociali","status":"publish","type":"post","link":"https:\/\/www.messinaoggi.it\/website\/2018\/10\/25\/count-down-per-salva-messina-dal-26-al-28-sfilza-di-ragionamenti-con-sindacati-vertici-di-partecipate-e-ad-oltranza-con-servizi-sociali\/","title":{"rendered":"Count Down per \u201cSalva Messina\u201d: dal 26 al 28 sfilza di ragionamenti con sindacati, vertici di Partecipate e ad oltranza con Servizi Sociali"},"content":{"rendered":"<p style=\"text-align: justify\">La decisione sul pacchetto \u201cSalva Messina\u201d ha le ore contate. Il sindaco Cateno De Luca ha deciso di conciliare gli animi sul caso \u201canti dissesto\u201d organizzando una tabella di incontri da domani 26 ottobre fino a domenica sera per poi chiudere in bellezza luned\u00ec 29 alle ore 9:30 nel Salone delle Bandiere di Palazzo Zanca, con una conferenza stampa congiunta insieme agli assessori comunali, i dirigenti, i Cda delle societ\u00e0 partecipate MessinaServizi Bene Comune, ATM e AMAM, i segretari confederali e di categoria, per illustrare la definizione e la sottoscrizione dei singoli accordi. Un calendario di appuntamenti conclusivi per definire le singole azioni del \u201cSalva Messina\u201d da sottoporre all\u2019esame del Consiglio comunale.<div id=\"div-gpt-ad-Messinaoggi.it-DSK-300x250-corpoart\" style=\"text-align:center;margin:0 auto;\"><\/div><\/p>\n<p style=\"text-align: justify\">Domani, venerd\u00ec 26, alle ore 20, il Sindaco incontrer\u00e0 i segretari confederali e segretari di tutte le categorie. Oggetto del confronto sar\u00e0 il quadro finanziario del Comune e del sistema delle partecipate ed il dettaglio degli effetti finanziari del \u201cSalva Messina\u201d, in correlazione al fabbisogno per la rimodulazione e riformulazione dell\u2019attuale piano di riequilibrio finanziario pluriennale. Sabato 27 gli incontri, cui parteciperanno i segretari confederali e il segretario di categoria per ogni argomento in discussione, saranno cos\u00ec articolati: dalle 8 alle 11, AMAM; dalle 12 alle 15, ATM; dalle 16 alle 19, MessinaServizi Bene Comune; dalle 20 ad oltranza, Servizi Sociali. Domenica 28, infine, presenti i segretari confederali e il segretario di categoria per ogni argomento da trattare, il calendario degli appuntamenti prevede dalle 8 alle 12, una riunione relativa alla riorganizzazione e razionalizzazione dei servizi del Palazzo Municipale; gli incontri proseguiranno a partire dalle 19 alle 20, su AMAM; dalle 20 alle 21, ATM; dalle 21 alle 22, MessinaServizi Bene Comune; dalle 22 alle 23, Servizi Sociali; dalle 23 alla mezzanotte, il confronto riguarder\u00e0 il Palazzo Municipale.<div id=\"videoincontent\" style=\"clear:both\";><\/div><\/p>\n","protected":false},"excerpt":{"rendered":"<p>La decisione sul pacchetto \u201cSalva Messina\u201d ha le ore contate. Il sindaco Cateno De Luca ha deciso di conciliare gli animi sul caso \u201canti dissesto\u201d organizzando una tabella di incontri da domani 26 ottobre fino a domenica sera per poi chiudere in bellezza luned\u00ec 29 alle ore 9:30 nel Salone delle Bandiere di Palazzo Zanca, [&hellip;]<\/p>\n","protected":false},"author":7,"featured_media":21182,"comment_status":"closed","ping_status":"open","sticky":false,"template":"","format":"standard","meta":{"ub_ctt_via":"","_mi_skip_tracking":false},"categories":[6],"tags":[],"featured_image_src":"https:\/\/www.messinaoggi.it\/website\/wp-content\/uploads\/2018\/06\/De-Luca-scarta-regalo-di-una-bimba-androne-stanza-sindaco-messinaoggiMarcyRuggi-1.jpg","author_info":{"display_name":"Redazione1","author_link":"https:\/\/www.messinaoggi.it\/website\/author\/redazione1\/"},"digistream_id":0,"digistream":false,"_links":{"self":[{"href":"https:\/\/www.messinaoggi.it\/website\/wp-json\/wp\/v2\/posts\/25960"}],"collection":[{"href":"https:\/\/www.messinaoggi.it\/website\/wp-json\/wp\/v2\/posts"}],"about":[{"href":"https:\/\/www.messinaoggi.it\/website\/wp-json\/wp\/v2\/types\/post"}],"author":[{"embeddable":true,"href":"https:\/\/www.messinaoggi.it\/website\/wp-json\/wp\/v2\/users\/7"}],"replies":[{"embeddable":true,"href":"https:\/\/www.messinaoggi.it\/website\/wp-json\/wp\/v2\/comments?post=25960"}],"version-history":[{"count":0,"href":"https:\/\/www.messinaoggi.it\/website\/wp-json\/wp\/v2\/posts\/25960\/revisions"}],"wp:featuredmedia":[{"embeddable":true,"href":"https:\/\/www.messinaoggi.it\/website\/wp-json\/wp\/v2\/media\/21182"}],"wp:attachment":[{"href":"https:\/\/www.messinaoggi.it\/website\/wp-json\/wp\/v2\/media?parent=25960"}],"wp:term":[{"taxonomy":"category","embeddable":true,"href":"https:\/\/www.messinaoggi.it\/website\/wp-json\/wp\/v2\/categories?post=25960"},{"taxonomy":"post_tag","embeddable":true,"href":"https:\/\/www.messinaoggi.it\/website\/wp-json\/wp\/v2\/tags?post=25960"}],"curies":[{"name":"wp","href":"https:\/\/api.w.org\/{rel}","templated":true}]}}