{"id":259504,"date":"2026-01-21T07:20:13","date_gmt":"2026-01-21T06:20:13","guid":{"rendered":"http:\/\/www.messinaoggi.it\/website\/?p=259504"},"modified":"2026-01-21T07:20:17","modified_gmt":"2026-01-21T06:20:17","slug":"riaperta-la-strada-montalbano-braidi","status":"publish","type":"post","link":"https:\/\/www.messinaoggi.it\/website\/2026\/01\/21\/riaperta-la-strada-montalbano-braidi\/","title":{"rendered":"Riaperta la strada Montalbano-Braidi"},"content":{"rendered":"\n<p>La Montalbano\u2013Braidi \u00e8 tornata percorribile, anche se solo su una carreggiata, dopo la caduta di un grosso masso che aveva imposto la chiusura del collegamento tra il centro di Montalbano Elicona e la frazione.<div id=\"div-gpt-ad-Messinaoggi.it-DSK-300x250-corpoart\" style=\"text-align:center;margin:0 auto;\"><\/div><\/p>\n\n\n\n<p>Le operazioni delle squadre d&#8217;intervento e le successive verifiche tecniche hanno permesso di ripristinare la viabilit\u00e0 in modalit\u00e0 ridotta, mentre prosegue il monitoraggio del versante e la valutazione degli interventi necessari per garantire la messa in sicurezza definitiva.<div id=\"videoincontent\" style=\"clear:both\";><\/div><\/p>\n\n\n\n<p>L\u2019arteria, gi\u00e0 nota per la sua vulnerabilit\u00e0 idrogeologica, resta sotto osservazione a causa delle condizioni del terreno e delle recenti instabilit\u00e0 che hanno interessato l\u2019area. Il Comune invita gli automobilisti a procedere con prudenza, mantenere una velocit\u00e0 moderata e limitare gli spostamenti allo stretto necessario fino al completamento dei lavori.<\/p>\n\n\n\n<p>\u201cLa sicurezza dei cittadini \u00e8 la nostra priorit\u00e0 \u2013 afferma il Sindaco di Montalbano Elicona, Antonino Todaro \u2013. Il nostro obiettivo \u00e8 quello che si possa realizzare un intervento risolutivo e duraturo, consapevoli dell\u2019importanza di questo collegamento per i residenti di Braidi. Ringrazio la comunit\u00e0 per la collaborazione e gli operatori intervenuti con tempestivit\u00e0\u201d.<\/p>\n\n\n\n<p>L\u2019Amministrazione comunale fornir\u00e0 aggiornamenti non appena saranno disponibili nuove informazioni sulle tempistiche per la riapertura completa della strada.<\/p>\n","protected":false},"excerpt":{"rendered":"<p>La Montalbano\u2013Braidi \u00e8 tornata percorribile, anche se solo su una carreggiata, dopo la caduta di un grosso masso che aveva imposto la chiusura del collegamento tra il centro di Montalbano Elicona e la frazione. Le operazioni delle squadre d&#8217;intervento e le successive verifiche tecniche hanno permesso di ripristinare la viabilit\u00e0 in modalit\u00e0 ridotta, mentre prosegue [&hellip;]<\/p>\n","protected":false},"author":2,"featured_media":259505,"comment_status":"open","ping_status":"open","sticky":false,"template":"","format":"standard","meta":{"ub_ctt_via":"","_mi_skip_tracking":false},"categories":[13,14],"tags":[577,1025,2779,12587],"featured_image_src":"https:\/\/www.messinaoggi.it\/website\/wp-content\/uploads\/2026\/01\/FB_IMG_1768938205864.jpg","author_info":{"display_name":"Redazione","author_link":"https:\/\/www.messinaoggi.it\/website\/author\/redazione\/"},"digistream_id":0,"digistream":false,"_links":{"self":[{"href":"https:\/\/www.messinaoggi.it\/website\/wp-json\/wp\/v2\/posts\/259504"}],"collection":[{"href":"https:\/\/www.messinaoggi.it\/website\/wp-json\/wp\/v2\/posts"}],"about":[{"href":"https:\/\/www.messinaoggi.it\/website\/wp-json\/wp\/v2\/types\/post"}],"author":[{"embeddable":true,"href":"https:\/\/www.messinaoggi.it\/website\/wp-json\/wp\/v2\/users\/2"}],"replies":[{"embeddable":true,"href":"https:\/\/www.messinaoggi.it\/website\/wp-json\/wp\/v2\/comments?post=259504"}],"version-history":[{"count":1,"href":"https:\/\/www.messinaoggi.it\/website\/wp-json\/wp\/v2\/posts\/259504\/revisions"}],"predecessor-version":[{"id":259506,"href":"https:\/\/www.messinaoggi.it\/website\/wp-json\/wp\/v2\/posts\/259504\/revisions\/259506"}],"wp:featuredmedia":[{"embeddable":true,"href":"https:\/\/www.messinaoggi.it\/website\/wp-json\/wp\/v2\/media\/259505"}],"wp:attachment":[{"href":"https:\/\/www.messinaoggi.it\/website\/wp-json\/wp\/v2\/media?parent=259504"}],"wp:term":[{"taxonomy":"category","embeddable":true,"href":"https:\/\/www.messinaoggi.it\/website\/wp-json\/wp\/v2\/categories?post=259504"},{"taxonomy":"post_tag","embeddable":true,"href":"https:\/\/www.messinaoggi.it\/website\/wp-json\/wp\/v2\/tags?post=259504"}],"curies":[{"name":"wp","href":"https:\/\/api.w.org\/{rel}","templated":true}]}}