{"id":259501,"date":"2026-01-21T07:16:41","date_gmt":"2026-01-21T06:16:41","guid":{"rendered":"http:\/\/www.messinaoggi.it\/website\/?p=259501"},"modified":"2026-01-21T07:16:44","modified_gmt":"2026-01-21T06:16:44","slug":"maltempo-bloccata-la-strada-campo-italia-masse","status":"publish","type":"post","link":"https:\/\/www.messinaoggi.it\/website\/2026\/01\/21\/maltempo-bloccata-la-strada-campo-italia-masse\/","title":{"rendered":"Maltempo, bloccata la strada Campo Italia-Masse"},"content":{"rendered":"\n<p>Il vento che in questi giorni ha sferzato anche il Messinese ha determinato lo schianto di numerosi alberi lungo che strade che collegano la citt\u00e0 capoluogo ai centri collinari.<div id=\"div-gpt-ad-Messinaoggi.it-DSK-300x250-corpoart\" style=\"text-align:center;margin:0 auto;\"><\/div><\/p>\n\n\n\n<p>Questa mattina &#8211; come ci segnala il cittadino <strong>Reno Augliera<\/strong> &#8211; non \u00e8 transitabile a causa dello schianto di un albero la strada che conduce alle Masse passando per Campo Italia.<div id=\"videoincontent\" style=\"clear:both\";><\/div><\/p>\n\n\n\n<p>Una delle strade di collegamento \u00e8 quindi interdetta al transito e lo sar\u00e0 fino a quando l&#8217;albero che sbarra la strada non sar\u00e0 rimosso.<\/p>\n","protected":false},"excerpt":{"rendered":"<p>Il vento che in questi giorni ha sferzato anche il Messinese ha determinato lo schianto di numerosi alberi lungo che strade che collegano la citt\u00e0 capoluogo ai centri collinari. Questa mattina &#8211; come ci segnala il cittadino Reno Augliera &#8211; non \u00e8 transitabile a causa dello schianto di un albero la strada che conduce alle [&hellip;]<\/p>\n","protected":false},"author":2,"featured_media":259502,"comment_status":"open","ping_status":"open","sticky":false,"template":"","format":"standard","meta":{"ub_ctt_via":"","_mi_skip_tracking":false},"categories":[5],"tags":[2809,12539,12219,12586],"featured_image_src":"https:\/\/www.messinaoggi.it\/website\/wp-content\/uploads\/2026\/01\/IMG_1357.jpg","author_info":{"display_name":"Redazione","author_link":"https:\/\/www.messinaoggi.it\/website\/author\/redazione\/"},"digistream_id":0,"digistream":false,"_links":{"self":[{"href":"https:\/\/www.messinaoggi.it\/website\/wp-json\/wp\/v2\/posts\/259501"}],"collection":[{"href":"https:\/\/www.messinaoggi.it\/website\/wp-json\/wp\/v2\/posts"}],"about":[{"href":"https:\/\/www.messinaoggi.it\/website\/wp-json\/wp\/v2\/types\/post"}],"author":[{"embeddable":true,"href":"https:\/\/www.messinaoggi.it\/website\/wp-json\/wp\/v2\/users\/2"}],"replies":[{"embeddable":true,"href":"https:\/\/www.messinaoggi.it\/website\/wp-json\/wp\/v2\/comments?post=259501"}],"version-history":[{"count":1,"href":"https:\/\/www.messinaoggi.it\/website\/wp-json\/wp\/v2\/posts\/259501\/revisions"}],"predecessor-version":[{"id":259503,"href":"https:\/\/www.messinaoggi.it\/website\/wp-json\/wp\/v2\/posts\/259501\/revisions\/259503"}],"wp:featuredmedia":[{"embeddable":true,"href":"https:\/\/www.messinaoggi.it\/website\/wp-json\/wp\/v2\/media\/259502"}],"wp:attachment":[{"href":"https:\/\/www.messinaoggi.it\/website\/wp-json\/wp\/v2\/media?parent=259501"}],"wp:term":[{"taxonomy":"category","embeddable":true,"href":"https:\/\/www.messinaoggi.it\/website\/wp-json\/wp\/v2\/categories?post=259501"},{"taxonomy":"post_tag","embeddable":true,"href":"https:\/\/www.messinaoggi.it\/website\/wp-json\/wp\/v2\/tags?post=259501"}],"curies":[{"name":"wp","href":"https:\/\/api.w.org\/{rel}","templated":true}]}}