{"id":259478,"date":"2026-01-20T17:24:39","date_gmt":"2026-01-20T16:24:39","guid":{"rendered":"http:\/\/www.messinaoggi.it\/website\/?p=259478"},"modified":"2026-01-20T17:24:40","modified_gmt":"2026-01-20T16:24:40","slug":"chiusa-luniversita-torna-lo-smart-working","status":"publish","type":"post","link":"https:\/\/www.messinaoggi.it\/website\/2026\/01\/20\/chiusa-luniversita-torna-lo-smart-working\/","title":{"rendered":"Chiusa l&#8217;Universit\u00e0, torna lo &#8220;smart-working&#8221;"},"content":{"rendered":"\n<p>A causa del protrarsi dell\u2019allerta meteo per le avverse condizioni atmosferiche previste e facendo seguito al provvedimento del sindaco del Comune di Messina, \u00e8 stata disposta la sospensione dell\u2019attivit\u00e0 didattica, compresi gli esami di profitto, in tutti i Dipartimenti e le strutture dell\u2019Ateneo, anche per mercoled\u00ec 21 gennaio.<div id=\"div-gpt-ad-Messinaoggi.it-DSK-300x250-corpoart\" style=\"text-align:center;margin:0 auto;\"><\/div><\/p>\n\n\n\n<p>Il personale TA dell\u2019Ateneo garantir\u00e0 l\u2019attivit\u00e0 amministrativa svolgendo il proprio orario di servizio in modalit\u00e0 di lavoro \u201cagile\u201d, ad eccezione di quello la cui presenza nelle sedi di servizio \u00e8 necessaria alla funzionalit\u00e0 della struttura che ricever\u00e0 una specifica comunicazione dal Responsabile di riferimento.<div id=\"videoincontent\" style=\"clear:both\";><\/div><\/p>\n\n\n\n<p>L\u2019autorizzazione all\u2019accesso del personale docente alle strutture di Ateneo per esigenze di ricerca \u00e8 demandato ai relativi Direttori di Dipartimento.<\/p>\n\n\n\n<p>Lo rende noto l&#8217;Universit\u00e0 di Messina.<\/p>\n","protected":false},"excerpt":{"rendered":"<p>A causa del protrarsi dell\u2019allerta meteo per le avverse condizioni atmosferiche previste e facendo seguito al provvedimento del sindaco del Comune di Messina, \u00e8 stata disposta la sospensione dell\u2019attivit\u00e0 didattica, compresi gli esami di profitto, in tutti i Dipartimenti e le strutture dell\u2019Ateneo, anche per mercoled\u00ec 21 gennaio. Il personale TA dell\u2019Ateneo garantir\u00e0 l\u2019attivit\u00e0 amministrativa [&hellip;]<\/p>\n","protected":false},"author":2,"featured_media":256612,"comment_status":"open","ping_status":"open","sticky":false,"template":"","format":"standard","meta":{"ub_ctt_via":"","_mi_skip_tracking":false},"categories":[5],"tags":[2651,1997,53],"featured_image_src":"https:\/\/www.messinaoggi.it\/website\/wp-content\/uploads\/2025\/12\/sede_universita_messina-scalinata.jpg","author_info":{"display_name":"Redazione","author_link":"https:\/\/www.messinaoggi.it\/website\/author\/redazione\/"},"digistream_id":0,"digistream":false,"_links":{"self":[{"href":"https:\/\/www.messinaoggi.it\/website\/wp-json\/wp\/v2\/posts\/259478"}],"collection":[{"href":"https:\/\/www.messinaoggi.it\/website\/wp-json\/wp\/v2\/posts"}],"about":[{"href":"https:\/\/www.messinaoggi.it\/website\/wp-json\/wp\/v2\/types\/post"}],"author":[{"embeddable":true,"href":"https:\/\/www.messinaoggi.it\/website\/wp-json\/wp\/v2\/users\/2"}],"replies":[{"embeddable":true,"href":"https:\/\/www.messinaoggi.it\/website\/wp-json\/wp\/v2\/comments?post=259478"}],"version-history":[{"count":1,"href":"https:\/\/www.messinaoggi.it\/website\/wp-json\/wp\/v2\/posts\/259478\/revisions"}],"predecessor-version":[{"id":259479,"href":"https:\/\/www.messinaoggi.it\/website\/wp-json\/wp\/v2\/posts\/259478\/revisions\/259479"}],"wp:featuredmedia":[{"embeddable":true,"href":"https:\/\/www.messinaoggi.it\/website\/wp-json\/wp\/v2\/media\/256612"}],"wp:attachment":[{"href":"https:\/\/www.messinaoggi.it\/website\/wp-json\/wp\/v2\/media?parent=259478"}],"wp:term":[{"taxonomy":"category","embeddable":true,"href":"https:\/\/www.messinaoggi.it\/website\/wp-json\/wp\/v2\/categories?post=259478"},{"taxonomy":"post_tag","embeddable":true,"href":"https:\/\/www.messinaoggi.it\/website\/wp-json\/wp\/v2\/tags?post=259478"}],"curies":[{"name":"wp","href":"https:\/\/api.w.org\/{rel}","templated":true}]}}