{"id":259464,"date":"2026-01-20T16:51:10","date_gmt":"2026-01-20T15:51:10","guid":{"rendered":"http:\/\/www.messinaoggi.it\/website\/?p=259464"},"modified":"2026-01-20T17:41:04","modified_gmt":"2026-01-20T16:41:04","slug":"dimissioni-sindaco-basile-adesso-ce-anche-la-data","status":"publish","type":"post","link":"https:\/\/www.messinaoggi.it\/website\/2026\/01\/20\/dimissioni-sindaco-basile-adesso-ce-anche-la-data\/","title":{"rendered":"Dimissioni sindaco Basile, adesso c&#8217;\u00e8 anche la data?"},"content":{"rendered":"\n<p>La voce circola nei corridoi di Palazzo Zanca, dove qualche &#8220;fedelissimo&#8221; scontento per la decisione assunta, ha parlato della data ormai imminente delle dimissioni del sindaco<strong> Federico Basile<\/strong>.<div id=\"div-gpt-ad-Messinaoggi.it-DSK-300x250-corpoart\" style=\"text-align:center;margin:0 auto;\"><\/div><\/p>\n\n\n\n<p>A quanto pare, stando ai rumors, <strong>luned\u00ec 26 gennaio 2026<\/strong>, sar\u00e0 protocollata la lettera di dimissioni che diventeranno esecutive entro venti giorni. Ci\u00f2 significa che, se non le dovesse revocare, il <strong>15 febbraio Basile <\/strong>non sar\u00e0 pi\u00f9 il <strong>sindaco di Messina<\/strong>.<div id=\"videoincontent\" style=\"clear:both\";><\/div><\/p>\n\n\n\n<p>La decisione definitiva sarebbe stata assunta alla kermesse di <strong>Caltagirone<\/strong>, dove De Luca ha radunato i suoi colonnelli. Se cos\u00ec fosse, la finestra utile per le nuove elezioni sar\u00e0 quella del prossimo giugno. In mezzo ci potrebbe essere un commissariamento di oltre 3 mesi e mezzo.<\/p>\n\n\n\n<p>Ribadiamo che si tratta di rumors, provenienti da fonti molto attendibili. Del resto, gi\u00e0 da qualche settimana <strong>Cateno De Luca<\/strong> aveva chiesto ai vertici delle Partecipate la produzione delle relazioni di fine mandato.<\/p>\n","protected":false},"excerpt":{"rendered":"<p>La voce circola nei corridoi di Palazzo Zanca, dove qualche &#8220;fedelissimo&#8221; scontento per la decisione assunta, ha parlato della data ormai imminente delle dimissioni del sindaco Federico Basile. A quanto pare, stando ai rumors, luned\u00ec 26 gennaio 2026, sar\u00e0 protocollata la lettera di dimissioni che diventeranno esecutive entro venti giorni. Ci\u00f2 significa che, se non [&hellip;]<\/p>\n","protected":false},"author":2,"featured_media":123558,"comment_status":"open","ping_status":"open","sticky":false,"template":"","format":"standard","meta":{"ub_ctt_via":"","_mi_skip_tracking":false},"categories":[19],"tags":[126,12580,12579,2972],"featured_image_src":"https:\/\/www.messinaoggi.it\/website\/wp-content\/uploads\/2022\/09\/286678412_10221686931230439_693785492802337477_n.jpg","author_info":{"display_name":"Redazione","author_link":"https:\/\/www.messinaoggi.it\/website\/author\/redazione\/"},"digistream_id":0,"digistream":false,"_links":{"self":[{"href":"https:\/\/www.messinaoggi.it\/website\/wp-json\/wp\/v2\/posts\/259464"}],"collection":[{"href":"https:\/\/www.messinaoggi.it\/website\/wp-json\/wp\/v2\/posts"}],"about":[{"href":"https:\/\/www.messinaoggi.it\/website\/wp-json\/wp\/v2\/types\/post"}],"author":[{"embeddable":true,"href":"https:\/\/www.messinaoggi.it\/website\/wp-json\/wp\/v2\/users\/2"}],"replies":[{"embeddable":true,"href":"https:\/\/www.messinaoggi.it\/website\/wp-json\/wp\/v2\/comments?post=259464"}],"version-history":[{"count":4,"href":"https:\/\/www.messinaoggi.it\/website\/wp-json\/wp\/v2\/posts\/259464\/revisions"}],"predecessor-version":[{"id":259483,"href":"https:\/\/www.messinaoggi.it\/website\/wp-json\/wp\/v2\/posts\/259464\/revisions\/259483"}],"wp:featuredmedia":[{"embeddable":true,"href":"https:\/\/www.messinaoggi.it\/website\/wp-json\/wp\/v2\/media\/123558"}],"wp:attachment":[{"href":"https:\/\/www.messinaoggi.it\/website\/wp-json\/wp\/v2\/media?parent=259464"}],"wp:term":[{"taxonomy":"category","embeddable":true,"href":"https:\/\/www.messinaoggi.it\/website\/wp-json\/wp\/v2\/categories?post=259464"},{"taxonomy":"post_tag","embeddable":true,"href":"https:\/\/www.messinaoggi.it\/website\/wp-json\/wp\/v2\/tags?post=259464"}],"curies":[{"name":"wp","href":"https:\/\/api.w.org\/{rel}","templated":true}]}}